{"id":5792,"date":"2022-09-02T08:25:08","date_gmt":"2022-09-02T08:25:08","guid":{"rendered":"https:\/\/bremen.deutscher-schifffahrtstag.de\/?p=5792"},"modified":"2022-09-05T15:43:16","modified_gmt":"2022-09-05T15:43:16","slug":"claudia-seidel-museumsleitung-hafenmuseum-bremen","status":"publish","type":"post","link":"https:\/\/bremen.deutscher-schifffahrtstag.de\/index.php\/2022\/09\/02\/claudia-seidel-museumsleitung-hafenmuseum-bremen\/","title":{"rendered":"Claudia Seidel \/ Museumsleitung Hafenmuseum Bremen"},"content":{"rendered":"\t\t<div data-elementor-type=\"wp-post\" data-elementor-id=\"5792\" class=\"elementor elementor-5792\" data-elementor-post-type=\"post\">\n\t\t\t\t\t\t<section class=\"elementor-section elementor-top-section elementor-element elementor-element-8765518 elementor-section-boxed elementor-section-height-default elementor-section-height-default\" data-id=\"8765518\" data-element_type=\"section\">\n\t\t\t\t\t\t<div class=\"elementor-container elementor-column-gap-default\">\n\t\t\t\t\t<div class=\"elementor-column elementor-col-100 elementor-top-column elementor-element elementor-element-11a683b\" data-id=\"11a683b\" data-element_type=\"column\">\n\t\t\t<div class=\"elementor-widget-wrap elementor-element-populated\">\n\t\t\t\t\t\t<div class=\"elementor-element elementor-element-2f21397 elementor-widget elementor-widget-text-editor\" data-id=\"2f21397\" data-element_type=\"widget\" data-widget_type=\"text-editor.default\">\n\t\t\t\t<div class=\"elementor-widget-container\">\n\t\t\t<style>\/*! elementor - v3.19.0 - 07-02-2024 *\/\n.elementor-widget-text-editor.elementor-drop-cap-view-stacked .elementor-drop-cap{background-color:#69727d;color:#fff}.elementor-widget-text-editor.elementor-drop-cap-view-framed .elementor-drop-cap{color:#69727d;border:3px solid;background-color:transparent}.elementor-widget-text-editor:not(.elementor-drop-cap-view-default) .elementor-drop-cap{margin-top:8px}.elementor-widget-text-editor:not(.elementor-drop-cap-view-default) .elementor-drop-cap-letter{width:1em;height:1em}.elementor-widget-text-editor .elementor-drop-cap{float:left;text-align:center;line-height:1;font-size:50px}.elementor-widget-text-editor .elementor-drop-cap-letter{display:inline-block}<\/style>\t\t\t\t\t\t\t\t\t\t<\/div>\n\t\t\t\t<\/div>\n\t\t\t\t\t<\/div>\n\t\t<\/div>\n\t\t\t\t\t<\/div>\n\t\t<\/section>\n\t\t\t\t<section class=\"elementor-section elementor-top-section elementor-element elementor-element-3892e17 elementor-section-boxed elementor-section-height-default elementor-section-height-default\" data-id=\"3892e17\" data-element_type=\"section\">\n\t\t\t\t\t\t<div class=\"elementor-container elementor-column-gap-default\">\n\t\t\t\t\t<div class=\"elementor-column elementor-col-100 elementor-top-column elementor-element elementor-element-da39189\" data-id=\"da39189\" data-element_type=\"column\">\n\t\t\t<div class=\"elementor-widget-wrap elementor-element-populated\">\n\t\t\t\t\t\t<div class=\"elementor-element elementor-element-0a3823d elementor-widget elementor-widget-text-editor\" data-id=\"0a3823d\" data-element_type=\"widget\" data-widget_type=\"text-editor.default\">\n\t\t\t\t<div class=\"elementor-widget-container\">\n\t\t\t\t\t\t\t<p>Die H\u00e4fen waren stets die Lebensader Bremens und haben \u00fcber Jahrhunderte die Identit\u00e4t der Stadt gepr\u00e4gt. Im denkmalgesch\u00fctzten Speicher XI bildet das Hafenmuseum Bremen die Schnittstelle zwischen der Vergangenheit und der Zukunft: Als Schaufenster zur bremischen Hafenwirtschaft vermittelt es sowohl die Hafengeschichte als auch den steten Wandel und Fortschritt in allen maritimen Bereichen.<\/p><p>Den <a href=\"https:\/\/www.bremenports.de\/\">Hafenstandort Bremen<\/a> sichtbar zu machen ist ein zentrales Anliegen des Hafenmuseums: Im Museum und bei F\u00fchrungen k\u00f6nnen Besucherinnen und Besucher aller Altersgruppen das Hafengebiet kennenlernen, die ans\u00e4ssigen Unternehmen entdecken und modernen Hafenumschlag vor Ort erleben.<\/p><p>Der Deutsche Schifffahrtstag in Bremen und Bremerhaven macht den Stellenwert der bremischen H\u00e4fen bundesweit deutlich.<\/p><p>Die F\u00e4higkeit zum Wandel und die Anpassungsf\u00e4higkeit an sich \u00e4ndernde Bedingungen haben die H\u00e4fen stets ausgezeichnet. In diesem Sinne weist auch das Motto des Schifffahrtstages \u201e<b><i>Nachhaltige Schifffahrt: Gemeinsam, klar, sauber!<\/i><\/b>\u201c in die Zukunft. Diesen Weg der H\u00e4fen und maritimen Unternehmen zur Klimaneutralit\u00e4t verfolgen wir mit gro\u00dfer Erwartung. Wir freuen uns, diesen Weg zu begleiten und unseren Besucherinnen und Besuchern zu vermitteln.<\/p><p>Claudia Seidel<\/p><p>Museumsleitung <br \/><a href=\"https:\/\/hafenmuseum-bremen.de\/\">Hafenmuseum Bremen<\/a><\/p>\t\t\t\t\t\t<\/div>\n\t\t\t\t<\/div>\n\t\t\t\t\t<\/div>\n\t\t<\/div>\n\t\t\t\t\t<\/div>\n\t\t<\/section>\n\t\t\t\t<\/div>\n\t\t","protected":false},"excerpt":{"rendered":"<p>Der Deutsche Schifffahrtstag in Bremen und Bremerhaven macht den Stellenwert der Bremischen H\u00e4fen bundesweit deutlich.<\/p>\n","protected":false},"author":2,"featured_media":5794,"comment_status":"open","ping_status":"open","sticky":false,"template":"","format":"standard","meta":{"footnotes":""},"categories":[16],"tags":[],"class_list":["post-5792","post","type-post","status-publish","format-standard","has-post-thumbnail","hentry","category-positionen"],"_links":{"self":[{"href":"https:\/\/bremen.deutscher-schifffahrtstag.de\/index.php\/wp-json\/wp\/v2\/posts\/5792","targetHints":{"allow":["GET"]}}],"collection":[{"href":"https:\/\/bremen.deutscher-schifffahrtstag.de\/index.php\/wp-json\/wp\/v2\/posts"}],"about":[{"href":"https:\/\/bremen.deutscher-schifffahrtstag.de\/index.php\/wp-json\/wp\/v2\/types\/post"}],"author":[{"embeddable":true,"href":"https:\/\/bremen.deutscher-schifffahrtstag.de\/index.php\/wp-json\/wp\/v2\/users\/2"}],"replies":[{"embeddable":true,"href":"https:\/\/bremen.deutscher-schifffahrtstag.de\/index.php\/wp-json\/wp\/v2\/comments?post=5792"}],"version-history":[{"count":10,"href":"https:\/\/bremen.deutscher-schifffahrtstag.de\/index.php\/wp-json\/wp\/v2\/posts\/5792\/revisions"}],"predecessor-version":[{"id":5845,"href":"https:\/\/bremen.deutscher-schifffahrtstag.de\/index.php\/wp-json\/wp\/v2\/posts\/5792\/revisions\/5845"}],"wp:featuredmedia":[{"embeddable":true,"href":"https:\/\/bremen.deutscher-schifffahrtstag.de\/index.php\/wp-json\/wp\/v2\/media\/5794"}],"wp:attachment":[{"href":"https:\/\/bremen.deutscher-schifffahrtstag.de\/index.php\/wp-json\/wp\/v2\/media?parent=5792"}],"wp:term":[{"taxonomy":"category","embeddable":true,"href":"https:\/\/bremen.deutscher-schifffahrtstag.de\/index.php\/wp-json\/wp\/v2\/categories?post=5792"},{"taxonomy":"post_tag","embeddable":true,"href":"https:\/\/bremen.deutscher-schifffahrtstag.de\/index.php\/wp-json\/wp\/v2\/tags?post=5792"}],"curies":[{"name":"wp","href":"https:\/\/api.w.org\/{rel}","templated":true}]}}