{"id":5470,"date":"2022-08-15T07:36:42","date_gmt":"2022-08-15T07:36:42","guid":{"rendered":"https:\/\/bremen.deutscher-schifffahrtstag.de\/?p=5470"},"modified":"2022-08-17T09:21:36","modified_gmt":"2022-08-17T09:21:36","slug":"michael-wester-schutzverein","status":"publish","type":"post","link":"https:\/\/bremen.deutscher-schifffahrtstag.de\/index.php\/2022\/08\/15\/michael-wester-schutzverein\/","title":{"rendered":"Michael Wester \/ Schutzverein Deutscher Rheder"},"content":{"rendered":"\t\t<div data-elementor-type=\"wp-post\" data-elementor-id=\"5470\" class=\"elementor elementor-5470\" data-elementor-post-type=\"post\">\n\t\t\t\t\t\t<section class=\"elementor-section elementor-top-section elementor-element elementor-element-d99949e elementor-section-boxed elementor-section-height-default elementor-section-height-default\" data-id=\"d99949e\" data-element_type=\"section\">\n\t\t\t\t\t\t<div class=\"elementor-container elementor-column-gap-default\">\n\t\t\t\t\t<div class=\"elementor-column elementor-col-100 elementor-top-column elementor-element elementor-element-d4541cb\" data-id=\"d4541cb\" data-element_type=\"column\">\n\t\t\t<div class=\"elementor-widget-wrap elementor-element-populated\">\n\t\t\t\t\t\t<div class=\"elementor-element elementor-element-6a4e72c elementor-widget elementor-widget-text-editor\" data-id=\"6a4e72c\" data-element_type=\"widget\" data-widget_type=\"text-editor.default\">\n\t\t\t\t<div class=\"elementor-widget-container\">\n\t\t\t<style>\/*! elementor - v3.19.0 - 07-02-2024 *\/\n.elementor-widget-text-editor.elementor-drop-cap-view-stacked .elementor-drop-cap{background-color:#69727d;color:#fff}.elementor-widget-text-editor.elementor-drop-cap-view-framed .elementor-drop-cap{color:#69727d;border:3px solid;background-color:transparent}.elementor-widget-text-editor:not(.elementor-drop-cap-view-default) .elementor-drop-cap{margin-top:8px}.elementor-widget-text-editor:not(.elementor-drop-cap-view-default) .elementor-drop-cap-letter{width:1em;height:1em}.elementor-widget-text-editor .elementor-drop-cap{float:left;text-align:center;line-height:1;font-size:50px}.elementor-widget-text-editor .elementor-drop-cap-letter{display:inline-block}<\/style>\t\t\t\t<h6><strong>Herausforderung Schifffahrt<\/strong><\/h6><p>Schifffahrt \u2013 das bedeutet st\u00e4ndige Herausforderung. Fl\u00fcchtlinge, Kriege, Terroranschl\u00e4ge, Piraterie, Sanktionen, Pandemien, Atom- und andere Unf\u00e4lle \u2013 nahezu jede gr\u00f6\u00dfere politische, wirtschaftliche und soziale Entwicklung und jedes katastrophale Ereignis weltweit wirken sich unmittelbar auf Reedereien, Hafenbetriebe und andere an der Schifffahrt Beteiligte aus.<\/p><p>\u00a0Nachhaltigkeits- und Klimaschutzaspekte spielen eine immer gr\u00f6\u00dfere Rolle und stellen auch die Schifffahrt vor immense Aufgaben, insbesondere im Bereich der Auswahl und Verarbeitung der Brennstoffe sowie bei der Reduzierung des Verbrauchs. Der Schutzverein unterst\u00fctzt seine Mitglieder bei der Bew\u00e4ltigung dieser Herausforderungen, soweit es um die rechtlichen Auswirkungen vor allem auf Frachtvertr\u00e4ge geht.<\/p><p>Klar ist, der Zeitdruck nimmt zu. Vor diesem Hintergrund ist es folgerichtig und begr\u00fc\u00dfenswert, dass der Deutsche Schifffahrtstag das Thema Nachhaltigkeit als Schwerpunkt gesetzt hat.<\/p>\t\t\t\t\t\t<\/div>\n\t\t\t\t<\/div>\n\t\t\t\t\t<\/div>\n\t\t<\/div>\n\t\t\t\t\t<\/div>\n\t\t<\/section>\n\t\t\t\t<\/div>\n\t\t","protected":false},"excerpt":{"rendered":"<p>Nachhaltigkeits- und Klimaschutzaspekte spielen eine immer gr\u00f6\u00dfere Rolle und stellen auch die Schifffahrt vor immense Aufgaben.<\/p>\n","protected":false},"author":2,"featured_media":5472,"comment_status":"open","ping_status":"open","sticky":false,"template":"","format":"standard","meta":{"footnotes":""},"categories":[16],"tags":[],"class_list":["post-5470","post","type-post","status-publish","format-standard","has-post-thumbnail","hentry","category-positionen"],"_links":{"self":[{"href":"https:\/\/bremen.deutscher-schifffahrtstag.de\/index.php\/wp-json\/wp\/v2\/posts\/5470","targetHints":{"allow":["GET"]}}],"collection":[{"href":"https:\/\/bremen.deutscher-schifffahrtstag.de\/index.php\/wp-json\/wp\/v2\/posts"}],"about":[{"href":"https:\/\/bremen.deutscher-schifffahrtstag.de\/index.php\/wp-json\/wp\/v2\/types\/post"}],"author":[{"embeddable":true,"href":"https:\/\/bremen.deutscher-schifffahrtstag.de\/index.php\/wp-json\/wp\/v2\/users\/2"}],"replies":[{"embeddable":true,"href":"https:\/\/bremen.deutscher-schifffahrtstag.de\/index.php\/wp-json\/wp\/v2\/comments?post=5470"}],"version-history":[{"count":10,"href":"https:\/\/bremen.deutscher-schifffahrtstag.de\/index.php\/wp-json\/wp\/v2\/posts\/5470\/revisions"}],"predecessor-version":[{"id":5515,"href":"https:\/\/bremen.deutscher-schifffahrtstag.de\/index.php\/wp-json\/wp\/v2\/posts\/5470\/revisions\/5515"}],"wp:featuredmedia":[{"embeddable":true,"href":"https:\/\/bremen.deutscher-schifffahrtstag.de\/index.php\/wp-json\/wp\/v2\/media\/5472"}],"wp:attachment":[{"href":"https:\/\/bremen.deutscher-schifffahrtstag.de\/index.php\/wp-json\/wp\/v2\/media?parent=5470"}],"wp:term":[{"taxonomy":"category","embeddable":true,"href":"https:\/\/bremen.deutscher-schifffahrtstag.de\/index.php\/wp-json\/wp\/v2\/categories?post=5470"},{"taxonomy":"post_tag","embeddable":true,"href":"https:\/\/bremen.deutscher-schifffahrtstag.de\/index.php\/wp-json\/wp\/v2\/tags?post=5470"}],"curies":[{"name":"wp","href":"https:\/\/api.w.org\/{rel}","templated":true}]}}