{"id":5391,"date":"2022-07-30T07:56:51","date_gmt":"2022-07-30T07:56:51","guid":{"rendered":"https:\/\/bremen.deutscher-schifffahrtstag.de\/?p=5391"},"modified":"2022-09-10T12:41:35","modified_gmt":"2022-09-10T12:41:35","slug":"16-bremer-schifffahrtskongress-2022","status":"publish","type":"post","link":"https:\/\/bremen.deutscher-schifffahrtstag.de\/index.php\/2022\/07\/30\/16-bremer-schifffahrtskongress-2022\/","title":{"rendered":"16. Bremer Schifffahrtskongress 2022"},"content":{"rendered":"\t\t<div data-elementor-type=\"wp-post\" data-elementor-id=\"5391\" class=\"elementor elementor-5391\" data-elementor-post-type=\"post\">\n\t\t\t\t\t\t<section class=\"elementor-section elementor-top-section elementor-element elementor-element-16eb1ad elementor-section-boxed elementor-section-height-default elementor-section-height-default\" data-id=\"16eb1ad\" data-element_type=\"section\">\n\t\t\t\t\t\t<div class=\"elementor-container elementor-column-gap-default\">\n\t\t\t\t\t<div class=\"elementor-column elementor-col-100 elementor-top-column elementor-element elementor-element-b6881d9\" data-id=\"b6881d9\" data-element_type=\"column\">\n\t\t\t<div class=\"elementor-widget-wrap elementor-element-populated\">\n\t\t\t\t\t\t<div class=\"elementor-element elementor-element-34bc752 elementor-widget elementor-widget-text-editor\" data-id=\"34bc752\" data-element_type=\"widget\" data-widget_type=\"text-editor.default\">\n\t\t\t\t<div class=\"elementor-widget-container\">\n\t\t\t<style>\/*! elementor - v3.19.0 - 07-02-2024 *\/\n.elementor-widget-text-editor.elementor-drop-cap-view-stacked .elementor-drop-cap{background-color:#69727d;color:#fff}.elementor-widget-text-editor.elementor-drop-cap-view-framed .elementor-drop-cap{color:#69727d;border:3px solid;background-color:transparent}.elementor-widget-text-editor:not(.elementor-drop-cap-view-default) .elementor-drop-cap{margin-top:8px}.elementor-widget-text-editor:not(.elementor-drop-cap-view-default) .elementor-drop-cap-letter{width:1em;height:1em}.elementor-widget-text-editor .elementor-drop-cap{float:left;text-align:center;line-height:1;font-size:50px}.elementor-widget-text-editor .elementor-drop-cap-letter{display:inline-block}<\/style>\t\t\t\t<h5><strong>Maritime Personalwirtschaft \u2013 Entwicklungen, Chancen, Perspektiven<\/strong><\/h5><p>Beim <strong>16. Bremer Schifffahrtskongress<\/strong>, der wieder in Pr\u00e4senz umgesetzt wird, stehen aktuelle Entwicklungen, Chancen und Perspektiven der maritimen Personalwirtschaft im Vordergrund. Keynotes und Workshops besch\u00e4ftigen sich dabei mit folgenden Themen:<\/p><p><strong>\u201eWandlungen in der maritimen Arbeitswelt\u201c<\/strong> mit den Fragestellungen \u201eWohin entwickelt sich die Arbeit? Was ist f\u00fcr die Zukunft relevant? Mobile Arbeit \u2013 welche Voraussetzungen m\u00fcssen geschaffen werden? Welche Werte, Vorstellungen und Anforderungen hat die Generation Z\u201c?<\/p><p><strong>\u201eMaritimes Gesundheitsmanagement\u201c<\/strong> mit Aspekten wie psychosozialer Notfallversorgung.<\/p><p><strong>\u201eHerausforderung Rekrutierung\u201c<\/strong> mit Fragestellungen wie \u201eWer bewirbt sich bei wem\u201c oder \u201eWie funktioniert Reverse recruiting in der Praxis?<\/p><p><strong>\u201eVirtual Reality\u201c<\/strong> mit ihren Potentialen, Anwendungsf\u00e4llen und Zukunftsvisionen in der maritimen Wirtschaft bzw. den Auswirkungen auf die Aus- und Weiterbildung.<\/p><p>Im Rahmen des Kongress vergibt das Deutsche Maritime Zentrum zum zweiten Mal den Preis f\u00fcr \u201eHervorragende akademische maritime Lehre\u201c. Im Rahmen eines Wettbewerbs konnten Studentinnen und Studenten wieder die Dozent\/innen und Professor\/innen nominieren, die aus ihrer Sicht die beste akademische maritime Lehre leisten. Gesucht wurden akademische maritime Lehrpersonen, die sich \u00fcberdurchschnittlich f\u00fcr ihr Fach und ihre Studierenden engagieren. Personen, die ihren Studierenden anschlussf\u00e4hige Grundlagen, praktische Kompetenzen und akademische F\u00e4higkeiten vermitteln und sie optimal auf den Berufseinstieg vorbereiten. Voraussetzung war, dass die nominierte Lehrperson regelm\u00e4\u00dfig eine Vorlesung oder Veranstaltung mit maritimem Hintergrund h\u00e4lt.<\/p><p>Mit ca. 150 Teilnahmen ist der Bremer Schifffahrtskongress das z. Z. einzige deutsche Forum dieser Gr\u00f6\u00dfenordnung, das sich gezielt mit den aktuellen Herausforderungen der maritimen Personalwirtschaft besch\u00e4ftigt. Alle Infos rund um den 16. Bremer Schifffahrtskongress finden Sie <em><strong><a href=\"https:\/\/www.deutscher-schifffahrtskongress.de\/\">hier<\/a><\/strong><\/em>.<\/p>\t\t\t\t\t\t<\/div>\n\t\t\t\t<\/div>\n\t\t\t\t\t<\/div>\n\t\t<\/div>\n\t\t\t\t\t<\/div>\n\t\t<\/section>\n\t\t\t\t<section class=\"elementor-section elementor-top-section elementor-element elementor-element-b2e918a elementor-section-boxed elementor-section-height-default elementor-section-height-default\" data-id=\"b2e918a\" data-element_type=\"section\">\n\t\t\t\t\t\t<div class=\"elementor-container elementor-column-gap-default\">\n\t\t\t\t\t<div class=\"elementor-column elementor-col-50 elementor-top-column elementor-element elementor-element-cda6828\" data-id=\"cda6828\" data-element_type=\"column\">\n\t\t\t<div class=\"elementor-widget-wrap elementor-element-populated\">\n\t\t\t\t\t\t<div class=\"elementor-element elementor-element-bcd5c65 elementor-widget elementor-widget-text-editor\" data-id=\"bcd5c65\" data-element_type=\"widget\" data-widget_type=\"text-editor.default\">\n\t\t\t\t<div class=\"elementor-widget-container\">\n\t\t\t\t\t\t\t<p><strong>Pr\u00e4sidentin der World Maritime University\u00a0 (Malm\u00f6) \u00fcbernimmt das Eingangs-Statement zur Konferenz!<\/strong><\/p><p><i style=\"font-size: 1rem;\"><b>Dr. Cleopatra Doumbia-Henry <\/b><\/i><span style=\"font-size: 1rem;\">(LL.B, LL.M, Ph.D International Law) joined WMU as President in the summer of 2015. Prior to joining WMU, she served as the Director of the International Labour Standards Department of the International Labour Organization (ILO) in Geneva, Switzerland.<\/span><\/p><p>Dr. Doumbia-Henry began her career at the University of the West Indies, Barbados, as a lecturer in law. She later worked with the Iran-US Claims Tribunal in The Hague, The Netherlands and then joined the ILO in 1986 where she served both as a senior lawyer of the Organization and in several management positions. She was responsible for developing ILO Maritime Labour Convention, 2006 and remained responsible for it until she joined WMU. Since the late 1990s, she led the ILO participation in a number of IMO\/ILO interagency collaborations on several issues of common interest to the International Maritime Organization (IMO) and ILO, including the Joint IMO\/ILO Ad Hoc Expert Working Groups on Fair Treatment of Seafarers and on Liability and Compensation regarding Claims for Death, Personal Injury and Abandonment of Seafarers.<\/p><p>Photo: World Maritime University.<\/p>\t\t\t\t\t\t<\/div>\n\t\t\t\t<\/div>\n\t\t\t\t\t<\/div>\n\t\t<\/div>\n\t\t\t\t<div class=\"elementor-column elementor-col-50 elementor-top-column elementor-element elementor-element-68af002\" data-id=\"68af002\" data-element_type=\"column\">\n\t\t\t<div class=\"elementor-widget-wrap elementor-element-populated\">\n\t\t\t\t\t\t<div class=\"elementor-element elementor-element-244779c elementor-widget elementor-widget-image\" data-id=\"244779c\" data-element_type=\"widget\" data-widget_type=\"image.default\">\n\t\t\t\t<div class=\"elementor-widget-container\">\n\t\t\t<style>\/*! elementor - v3.19.0 - 07-02-2024 *\/\n.elementor-widget-image{text-align:center}.elementor-widget-image a{display:inline-block}.elementor-widget-image a img[src$=\".svg\"]{width:48px}.elementor-widget-image img{vertical-align:middle;display:inline-block}<\/style>\t\t\t\t\t\t\t\t\t\t<img fetchpriority=\"high\" decoding=\"async\" width=\"400\" height=\"600\" src=\"https:\/\/bremen.deutscher-schifffahrtstag.de\/wp-content\/uploads\/2022\/07\/r-cleopatra-doumbiahenry-president-world-81733.jpg\" class=\"attachment-large size-large wp-image-6012\" alt=\"\" srcset=\"https:\/\/bremen.deutscher-schifffahrtstag.de\/wp-content\/uploads\/2022\/07\/r-cleopatra-doumbiahenry-president-world-81733.jpg 400w, https:\/\/bremen.deutscher-schifffahrtstag.de\/wp-content\/uploads\/2022\/07\/r-cleopatra-doumbiahenry-president-world-81733-200x300.jpg 200w\" sizes=\"(max-width: 400px) 100vw, 400px\" \/>\t\t\t\t\t\t\t\t\t\t\t\t\t<\/div>\n\t\t\t\t<\/div>\n\t\t\t\t\t<\/div>\n\t\t<\/div>\n\t\t\t\t\t<\/div>\n\t\t<\/section>\n\t\t\t\t<\/div>\n\t\t","protected":false},"excerpt":{"rendered":"<p>Der 16. Bremer Schifffahrtskongress findet am 27. und 28. September 2022 statt. Die diesj\u00e4hrigen Schwerpunktthemen sind: Maritime Personalwirtschaft \u2013 Entwicklungen, Chancen, Perspektiven<\/p>\n","protected":false},"author":3,"featured_media":5603,"comment_status":"open","ping_status":"open","sticky":false,"template":"","format":"standard","meta":{"footnotes":""},"categories":[1],"tags":[],"class_list":["post-5391","post","type-post","status-publish","format-standard","has-post-thumbnail","hentry","category-uncategorized"],"_links":{"self":[{"href":"https:\/\/bremen.deutscher-schifffahrtstag.de\/index.php\/wp-json\/wp\/v2\/posts\/5391","targetHints":{"allow":["GET"]}}],"collection":[{"href":"https:\/\/bremen.deutscher-schifffahrtstag.de\/index.php\/wp-json\/wp\/v2\/posts"}],"about":[{"href":"https:\/\/bremen.deutscher-schifffahrtstag.de\/index.php\/wp-json\/wp\/v2\/types\/post"}],"author":[{"embeddable":true,"href":"https:\/\/bremen.deutscher-schifffahrtstag.de\/index.php\/wp-json\/wp\/v2\/users\/3"}],"replies":[{"embeddable":true,"href":"https:\/\/bremen.deutscher-schifffahrtstag.de\/index.php\/wp-json\/wp\/v2\/comments?post=5391"}],"version-history":[{"count":10,"href":"https:\/\/bremen.deutscher-schifffahrtstag.de\/index.php\/wp-json\/wp\/v2\/posts\/5391\/revisions"}],"predecessor-version":[{"id":6027,"href":"https:\/\/bremen.deutscher-schifffahrtstag.de\/index.php\/wp-json\/wp\/v2\/posts\/5391\/revisions\/6027"}],"wp:featuredmedia":[{"embeddable":true,"href":"https:\/\/bremen.deutscher-schifffahrtstag.de\/index.php\/wp-json\/wp\/v2\/media\/5603"}],"wp:attachment":[{"href":"https:\/\/bremen.deutscher-schifffahrtstag.de\/index.php\/wp-json\/wp\/v2\/media?parent=5391"}],"wp:term":[{"taxonomy":"category","embeddable":true,"href":"https:\/\/bremen.deutscher-schifffahrtstag.de\/index.php\/wp-json\/wp\/v2\/categories?post=5391"},{"taxonomy":"post_tag","embeddable":true,"href":"https:\/\/bremen.deutscher-schifffahrtstag.de\/index.php\/wp-json\/wp\/v2\/tags?post=5391"}],"curies":[{"name":"wp","href":"https:\/\/api.w.org\/{rel}","templated":true}]}}