{"id":5253,"date":"2022-07-13T13:03:20","date_gmt":"2022-07-13T13:03:20","guid":{"rendered":"https:\/\/bremen.deutscher-schifffahrtstag.de\/?p=5253"},"modified":"2022-07-13T13:05:04","modified_gmt":"2022-07-13T13:05:04","slug":"katja-von-bargen-umweltmanagement-bremische-haefen-bremenports-gmbh-co-kg","status":"publish","type":"post","link":"https:\/\/bremen.deutscher-schifffahrtstag.de\/index.php\/2022\/07\/13\/katja-von-bargen-umweltmanagement-bremische-haefen-bremenports-gmbh-co-kg\/","title":{"rendered":"Katja von Bargen \/ Umweltmanagement Bremische H\u00e4fen \/ bremenports GmbH &#038;Co. KG"},"content":{"rendered":"\t\t<div data-elementor-type=\"wp-post\" data-elementor-id=\"5253\" class=\"elementor elementor-5253\" data-elementor-post-type=\"post\">\n\t\t\t\t\t\t<section class=\"elementor-section elementor-top-section elementor-element elementor-element-106c12a elementor-section-boxed elementor-section-height-default elementor-section-height-default\" data-id=\"106c12a\" data-element_type=\"section\">\n\t\t\t\t\t\t<div class=\"elementor-container elementor-column-gap-default\">\n\t\t\t\t\t<div class=\"elementor-column elementor-col-100 elementor-top-column elementor-element elementor-element-825aaaf\" data-id=\"825aaaf\" data-element_type=\"column\">\n\t\t\t<div class=\"elementor-widget-wrap elementor-element-populated\">\n\t\t\t\t\t\t<div class=\"elementor-element elementor-element-37aded4 elementor-widget elementor-widget-text-editor\" data-id=\"37aded4\" data-element_type=\"widget\" data-widget_type=\"text-editor.default\">\n\t\t\t\t<div class=\"elementor-widget-container\">\n\t\t\t<style>\/*! elementor - v3.19.0 - 07-02-2024 *\/\n.elementor-widget-text-editor.elementor-drop-cap-view-stacked .elementor-drop-cap{background-color:#69727d;color:#fff}.elementor-widget-text-editor.elementor-drop-cap-view-framed .elementor-drop-cap{color:#69727d;border:3px solid;background-color:transparent}.elementor-widget-text-editor:not(.elementor-drop-cap-view-default) .elementor-drop-cap{margin-top:8px}.elementor-widget-text-editor:not(.elementor-drop-cap-view-default) .elementor-drop-cap-letter{width:1em;height:1em}.elementor-widget-text-editor .elementor-drop-cap{float:left;text-align:center;line-height:1;font-size:50px}.elementor-widget-text-editor .elementor-drop-cap-letter{display:inline-block}<\/style>\t\t\t\t<p>Sei es durch die Vergabe unserer greenports Awards an das umweltfreundlichste Schiff und die umweltfreundlichste Reederei oder durch erm\u00e4\u00dfigte Hafengeb\u00fchren f\u00fcr emissionsarme Schiffe. Daher freuen wir uns, in diesem Jahr auf dem Deutschen Schifffahrtstag mit der Preisverleihung zum Projekt ZeroEmission@Berth dabei zu sein. In dieser Initiative wurde in Kooperation mit allen neun deutschen Seeh\u00e4fen ein Innovationswettbewerb ausgelobt, um gemeinsam mit der Schifffahrt und anderen Stakeholdern nach innovativen L\u00f6sungen f\u00fcr eine emissionsfreie Liegezeit zu suchen, welche im besten Fall auch im Fahrtbetrieb zur Emissionsreduzierung beitragen k\u00f6nnen, ganz im Sinne des Mottos des diesj\u00e4hrigen Schifffahrtstages \u201cNachhaltige Schifffahrt: Gemeinsam, klar, sauber!\u201d Die Projektpartner und das Maritime Cluster freuen sich \u00fcber zahlreiche und internationale Bewerbungen und wir sind gespannt, wer die Preise mit nach Hause nimmt.<\/p>\t\t\t\t\t\t<\/div>\n\t\t\t\t<\/div>\n\t\t\t\t\t<\/div>\n\t\t<\/div>\n\t\t\t\t\t<\/div>\n\t\t<\/section>\n\t\t\t\t<\/div>\n\t\t","protected":false},"excerpt":{"rendered":"<p>Wir bei bremenports f\u00f6rdern und unterst\u00fctzen bereits seit Jahren umweltfreundliche und saubere Schifffahrt.<\/p>\n","protected":false},"author":2,"featured_media":5255,"comment_status":"open","ping_status":"open","sticky":false,"template":"","format":"standard","meta":{"footnotes":""},"categories":[16],"tags":[],"class_list":["post-5253","post","type-post","status-publish","format-standard","has-post-thumbnail","hentry","category-positionen"],"_links":{"self":[{"href":"https:\/\/bremen.deutscher-schifffahrtstag.de\/index.php\/wp-json\/wp\/v2\/posts\/5253","targetHints":{"allow":["GET"]}}],"collection":[{"href":"https:\/\/bremen.deutscher-schifffahrtstag.de\/index.php\/wp-json\/wp\/v2\/posts"}],"about":[{"href":"https:\/\/bremen.deutscher-schifffahrtstag.de\/index.php\/wp-json\/wp\/v2\/types\/post"}],"author":[{"embeddable":true,"href":"https:\/\/bremen.deutscher-schifffahrtstag.de\/index.php\/wp-json\/wp\/v2\/users\/2"}],"replies":[{"embeddable":true,"href":"https:\/\/bremen.deutscher-schifffahrtstag.de\/index.php\/wp-json\/wp\/v2\/comments?post=5253"}],"version-history":[{"count":4,"href":"https:\/\/bremen.deutscher-schifffahrtstag.de\/index.php\/wp-json\/wp\/v2\/posts\/5253\/revisions"}],"predecessor-version":[{"id":5258,"href":"https:\/\/bremen.deutscher-schifffahrtstag.de\/index.php\/wp-json\/wp\/v2\/posts\/5253\/revisions\/5258"}],"wp:featuredmedia":[{"embeddable":true,"href":"https:\/\/bremen.deutscher-schifffahrtstag.de\/index.php\/wp-json\/wp\/v2\/media\/5255"}],"wp:attachment":[{"href":"https:\/\/bremen.deutscher-schifffahrtstag.de\/index.php\/wp-json\/wp\/v2\/media?parent=5253"}],"wp:term":[{"taxonomy":"category","embeddable":true,"href":"https:\/\/bremen.deutscher-schifffahrtstag.de\/index.php\/wp-json\/wp\/v2\/categories?post=5253"},{"taxonomy":"post_tag","embeddable":true,"href":"https:\/\/bremen.deutscher-schifffahrtstag.de\/index.php\/wp-json\/wp\/v2\/tags?post=5253"}],"curies":[{"name":"wp","href":"https:\/\/api.w.org\/{rel}","templated":true}]}}