{"id":5240,"date":"2022-07-10T09:25:27","date_gmt":"2022-07-10T09:25:27","guid":{"rendered":"https:\/\/bremen.deutscher-schifffahrtstag.de\/?p=5240"},"modified":"2022-07-13T09:31:36","modified_gmt":"2022-07-13T09:31:36","slug":"hapag-lloyd-nutzt-biokraftstoff-fuer-dhl-transporte","status":"publish","type":"post","link":"https:\/\/bremen.deutscher-schifffahrtstag.de\/index.php\/2022\/07\/10\/hapag-lloyd-nutzt-biokraftstoff-fuer-dhl-transporte\/","title":{"rendered":"Hapag-Lloyd nutzt Biokraftstoff f\u00fcr DHL-Transporte"},"content":{"rendered":"\t\t<div data-elementor-type=\"wp-post\" data-elementor-id=\"5240\" class=\"elementor elementor-5240\" data-elementor-post-type=\"post\">\n\t\t\t\t\t\t<section class=\"elementor-section elementor-top-section elementor-element elementor-element-eb13d34 elementor-section-boxed elementor-section-height-default elementor-section-height-default\" data-id=\"eb13d34\" data-element_type=\"section\">\n\t\t\t\t\t\t<div class=\"elementor-container elementor-column-gap-default\">\n\t\t\t\t\t<div class=\"elementor-column elementor-col-100 elementor-top-column elementor-element elementor-element-45a5d84\" data-id=\"45a5d84\" data-element_type=\"column\">\n\t\t\t<div class=\"elementor-widget-wrap elementor-element-populated\">\n\t\t\t\t\t\t<div class=\"elementor-element elementor-element-a333d41 elementor-widget elementor-widget-text-editor\" data-id=\"a333d41\" data-element_type=\"widget\" data-widget_type=\"text-editor.default\">\n\t\t\t\t<div class=\"elementor-widget-container\">\n\t\t\t<style>\/*! elementor - v3.19.0 - 07-02-2024 *\/\n.elementor-widget-text-editor.elementor-drop-cap-view-stacked .elementor-drop-cap{background-color:#69727d;color:#fff}.elementor-widget-text-editor.elementor-drop-cap-view-framed .elementor-drop-cap{color:#69727d;border:3px solid;background-color:transparent}.elementor-widget-text-editor:not(.elementor-drop-cap-view-default) .elementor-drop-cap{margin-top:8px}.elementor-widget-text-editor:not(.elementor-drop-cap-view-default) .elementor-drop-cap-letter{width:1em;height:1em}.elementor-widget-text-editor .elementor-drop-cap{float:left;text-align:center;line-height:1;font-size:50px}.elementor-widget-text-editor .elementor-drop-cap-letter{display:inline-block}<\/style>\t\t\t\t<p>In einer gemeinsamen Mitteilung von DHL Global Forwarding und Hapag-Lloyd hei\u00dft es: DHL Global Forwarding hat eine Vereinbarung mit Hapag-Lloyd \u00fcber die Verwendung von Biokraftstoffen unterzeichnet. \u201eIn einem ersten Schritt wird Hapag-Lloyd f\u00fcr 18.000 TEU des f\u00fcr DHL verschifften Seefrachtvolumens Biokraftstoffe verwenden und dadurch 14.000 Tonnen an CO2- Emissionen (Well-to-Wake) einsparen\u201c.<\/p><p>F\u00fcr DHL Global Forwarding ist dies ein entscheidender Schritt auf ihrem Pfad zur Klimaneutralit\u00e4t bis 2045. Die Reederei testet seit 2020 Biokraftstoffe und bietet eine CO2-reduzierte Transportl\u00f6sung an, bei der Biokraftstoffmischungen anstelle von herk\u00f6mmlichem Schwer\u00f6l zum\u00a0kommen.\u00a0<\/p><p>F\u00fcr genau solche Projekte m\u00f6chte der Deutsche Schifffahrtstag mit seinem Motto \u201e<i><b>Nachhaltige Schifffahrt: Gemeinsam, klar, sauber!<\/b><\/i>\u201c eine B\u00fchne bieten. Ziel ist es die zentralen Zukunftsfragen der Schifffahrt zu diskutieren und das Thema\u00a0Dekarbonisierung des Schwertransports ist das vermutlich wichtigste.<\/p>\t\t\t\t\t\t<\/div>\n\t\t\t\t<\/div>\n\t\t\t\t\t<\/div>\n\t\t<\/div>\n\t\t\t\t\t<\/div>\n\t\t<\/section>\n\t\t\t\t<\/div>\n\t\t","protected":false},"excerpt":{"rendered":"<p>Vereinbarung gilt zun\u00e4chst f\u00fcr 18.000 TEU des verschifften Seefrachtvolumens \u2013 Verbesserte CO2-Bilanz.<\/p>\n","protected":false},"author":3,"featured_media":5242,"comment_status":"open","ping_status":"open","sticky":false,"template":"","format":"standard","meta":{"footnotes":""},"categories":[1],"tags":[],"class_list":["post-5240","post","type-post","status-publish","format-standard","has-post-thumbnail","hentry","category-uncategorized"],"_links":{"self":[{"href":"https:\/\/bremen.deutscher-schifffahrtstag.de\/index.php\/wp-json\/wp\/v2\/posts\/5240","targetHints":{"allow":["GET"]}}],"collection":[{"href":"https:\/\/bremen.deutscher-schifffahrtstag.de\/index.php\/wp-json\/wp\/v2\/posts"}],"about":[{"href":"https:\/\/bremen.deutscher-schifffahrtstag.de\/index.php\/wp-json\/wp\/v2\/types\/post"}],"author":[{"embeddable":true,"href":"https:\/\/bremen.deutscher-schifffahrtstag.de\/index.php\/wp-json\/wp\/v2\/users\/3"}],"replies":[{"embeddable":true,"href":"https:\/\/bremen.deutscher-schifffahrtstag.de\/index.php\/wp-json\/wp\/v2\/comments?post=5240"}],"version-history":[{"count":4,"href":"https:\/\/bremen.deutscher-schifffahrtstag.de\/index.php\/wp-json\/wp\/v2\/posts\/5240\/revisions"}],"predecessor-version":[{"id":5245,"href":"https:\/\/bremen.deutscher-schifffahrtstag.de\/index.php\/wp-json\/wp\/v2\/posts\/5240\/revisions\/5245"}],"wp:featuredmedia":[{"embeddable":true,"href":"https:\/\/bremen.deutscher-schifffahrtstag.de\/index.php\/wp-json\/wp\/v2\/media\/5242"}],"wp:attachment":[{"href":"https:\/\/bremen.deutscher-schifffahrtstag.de\/index.php\/wp-json\/wp\/v2\/media?parent=5240"}],"wp:term":[{"taxonomy":"category","embeddable":true,"href":"https:\/\/bremen.deutscher-schifffahrtstag.de\/index.php\/wp-json\/wp\/v2\/categories?post=5240"},{"taxonomy":"post_tag","embeddable":true,"href":"https:\/\/bremen.deutscher-schifffahrtstag.de\/index.php\/wp-json\/wp\/v2\/tags?post=5240"}],"curies":[{"name":"wp","href":"https:\/\/api.w.org\/{rel}","templated":true}]}}