{"id":4992,"date":"2022-06-24T15:33:13","date_gmt":"2022-06-24T15:33:13","guid":{"rendered":"https:\/\/bremen.deutscher-schifffahrtstag.de\/?p=4992"},"modified":"2022-06-24T15:42:22","modified_gmt":"2022-06-24T15:42:22","slug":"die-seenotretter-partner-des-deutschen-schifffahrtstages-feiern-tag-der-seenotretter-am-31-juli-2022","status":"publish","type":"post","link":"https:\/\/bremen.deutscher-schifffahrtstag.de\/index.php\/2022\/06\/24\/die-seenotretter-partner-des-deutschen-schifffahrtstages-feiern-tag-der-seenotretter-am-31-juli-2022\/","title":{"rendered":"Die Seenotretter, Partner des Deutschen Schifffahrtstages, feiern: Tag der Seenotretter am 31. Juli 2022"},"content":{"rendered":"\t\t<div data-elementor-type=\"wp-post\" data-elementor-id=\"4992\" class=\"elementor elementor-4992\" data-elementor-post-type=\"post\">\n\t\t\t\t\t\t<section class=\"elementor-section elementor-top-section elementor-element elementor-element-94826e7 elementor-section-boxed elementor-section-height-default elementor-section-height-default\" data-id=\"94826e7\" data-element_type=\"section\">\n\t\t\t\t\t\t<div class=\"elementor-container elementor-column-gap-default\">\n\t\t\t\t\t<div class=\"elementor-column elementor-col-100 elementor-top-column elementor-element elementor-element-dce74ef\" data-id=\"dce74ef\" data-element_type=\"column\">\n\t\t\t<div class=\"elementor-widget-wrap elementor-element-populated\">\n\t\t\t\t\t\t<div class=\"elementor-element elementor-element-6b19ca4 elementor-widget elementor-widget-text-editor\" data-id=\"6b19ca4\" data-element_type=\"widget\" data-widget_type=\"text-editor.default\">\n\t\t\t\t<div class=\"elementor-widget-container\">\n\t\t\t<style>\/*! elementor - v3.19.0 - 07-02-2024 *\/\n.elementor-widget-text-editor.elementor-drop-cap-view-stacked .elementor-drop-cap{background-color:#69727d;color:#fff}.elementor-widget-text-editor.elementor-drop-cap-view-framed .elementor-drop-cap{color:#69727d;border:3px solid;background-color:transparent}.elementor-widget-text-editor:not(.elementor-drop-cap-view-default) .elementor-drop-cap{margin-top:8px}.elementor-widget-text-editor:not(.elementor-drop-cap-view-default) .elementor-drop-cap-letter{width:1em;height:1em}.elementor-widget-text-editor .elementor-drop-cap{float:left;text-align:center;line-height:1;font-size:50px}.elementor-widget-text-editor .elementor-drop-cap-letter{display:inline-block}<\/style>\t\t\t\t<div class=\"auw-ce  auw-ce__st0  auw-ce__sb0  container auw-ce__g\"><div class=\"row \"><div class=\"col-md-6   \"><div class=\"auw-ce    auw-ce__sb0 auw-ce__g\"><div class=\"ce-textpic auw-text-image auw-text-image__layout-10_bildoben    no-image\"><div class=\"ce-bodytext\"><h2>Programm am 31. Juli 2022\u00a0<\/h2><p>In diesem Jahr werden \u2013 vorbehaltlich der weiteren Pandemie-Entwicklung \u2013 am\u00a0 beliebten Tag der Seenotretter wieder viele Stationen vor Ort ihre Einsatzbereitschaft demonstrieren, mit Hygienekonzept und Abstandsregeln. Geplant sind unter anderem:<\/p><ul><li class=\"false\">Vorf\u00fchrungen an Land, in den H\u00e4fen und direkt vor den K\u00fcsten<\/li><li class=\"false\">Rundg\u00e4nge \u00fcber die Seenotrettungskreuzer (ohne Innenr\u00e4ume)<\/li><li class=\"false\">Gespr\u00e4che\u00a0an den Liegepl\u00e4tzen, vor den Rettungseinheiten sowie an unseren Infowagen und -st\u00e4nden<\/li><\/ul><p>\u00a0<\/p><p class=\"false\">Details ver\u00f6ffentlichen sie nach und nach auf ihrer <strong><a href=\"https:\/\/www.seenotretter.de\/magazin\/tag-der-seenotretter\">Website<\/a><\/strong>.\u00a0<\/p><p class=\"false\">Selbstverst\u00e4ndlich wird es auch das beliebte T-Shirt zum Tag der Seenotretter geben. Das diesj\u00e4hrige Motiv verraten wir demn\u00e4chst hier. Zu haben ist das T-Shirt am Tag der Seenotretter auf den teilnehmenden Stationen, die Restbest\u00e4nde bieten sie anschlie\u00dfend im <a href=\"https:\/\/www.seenotretter-shop.de\/\" target=\"_blank\" rel=\"noopener noreferrer\"><strong>Seenotretter-Shop<\/strong><\/a> an.<\/p><\/div><\/div><\/div><\/div><\/div><\/div><div class=\"auw-ce  auw-ce__st0    container auw-ce__g\"><div class=\"row \"><div class=\"col-md-8   \"><div class=\"auw-ce    auw-ce__sb0 auw-ce__g\"><div class=\"ce-textpic auw-text-image auw-text-image__layout-10_bildoben    no-image\"><div class=\"ce-bodytext\"><p>Als Rettungsdienst haben sie eine besondere Verantwortung, um die Wahrnehmung ihrer Aufgabe nicht zu gef\u00e4hrden sowie die Gesundheit ihrer Besch\u00e4ftigten und G\u00e4ste zu sch\u00fctzen. \u201eAuf unseren Seenotrettungskreuzern und -booten werden Verletzte und Erkrankte oder soeben Gerettete \u2013 also hochempfindliche Menschen \u2013 transportiert. Wir m\u00fcssen deshalb die Innenr\u00e4ume weiterhin von Besichtigungen ausschlie\u00dfen. Allerdings darf eine begrenzte Anzahl G\u00e4ste zeitgleich die Decks der Seenotrettungskreuzer auf festgelegten Rundwegen betreten\u201c, erl\u00e4utert Nicolaus Stadeler, Gesch\u00e4ftsf\u00fchrer der Seenotretter. \u201eAuf den Seenotrettungsbooten hingegen k\u00f6nnen Abst\u00e4nde nicht eingehalten werden, daher k\u00f6nnen wir dort leider keine G\u00e4ste an Bord nehmen. Auch Mitfahrten kann es deshalb nicht geben.\u201c<\/p><p>Dennoch erwartet alle G\u00e4ste ein abwechslungsreiches Programm, darunter Pr\u00e4sentationen der Rettungstechnik, Mensch-\u00fcber-Bord-\u00dcbungen und Vorf\u00fchrungen der Rettungseinheiten vor den K\u00fcsten. \u201eDie Menschen m\u00f6chten uns wieder besuchen, und wir m\u00f6chten ihnen wieder unmittelbar aus unserer Arbeit berichten. Wir sind sicher, dass es viel Verst\u00e4ndnis f\u00fcr die Schutzma\u00dfnahmen geben wird, die wir als Rettungsdienst bis auf Weiteres ergreifen m\u00fcssen\u201c, sagt Stadeler.<\/p><p>Durchg\u00e4ngig sind die bekannten allgemeinen Infektionsschutzregeln einzuhalten: Abstand halten, Hygiene beachten, FFP2-Maske tragen. Das gilt f\u00fcr Besatzungen wie G\u00e4ste gleicherma\u00dfen.\u00a0<br \/><br \/>Sie freuen sich darauf, Sie am Tag der Seenotretter nach zwei Jahren Pause endlich wieder auf unseren Stationen zu begr\u00fc\u00dfen. Herzlich willkommen!<\/p><\/div><\/div><\/div><\/div><\/div><\/div>\t\t\t\t\t\t<\/div>\n\t\t\t\t<\/div>\n\t\t\t\t\t<\/div>\n\t\t<\/div>\n\t\t\t\t\t<\/div>\n\t\t<\/section>\n\t\t\t\t<section class=\"elementor-section elementor-top-section elementor-element elementor-element-79fa330 elementor-section-boxed elementor-section-height-default elementor-section-height-default\" data-id=\"79fa330\" data-element_type=\"section\">\n\t\t\t\t\t\t<div class=\"elementor-container elementor-column-gap-default\">\n\t\t\t\t\t<div class=\"elementor-column elementor-col-100 elementor-top-column elementor-element elementor-element-1de4df3\" data-id=\"1de4df3\" data-element_type=\"column\">\n\t\t\t<div class=\"elementor-widget-wrap elementor-element-populated\">\n\t\t\t\t\t\t<div class=\"elementor-element elementor-element-ef1fd91 elementor-widget elementor-widget-video\" data-id=\"ef1fd91\" data-element_type=\"widget\" data-settings=\"{&quot;video_type&quot;:&quot;hosted&quot;,&quot;autoplay&quot;:&quot;yes&quot;,&quot;mute&quot;:&quot;yes&quot;,&quot;controls&quot;:&quot;yes&quot;}\" data-widget_type=\"video.default\">\n\t\t\t\t<div class=\"elementor-widget-container\">\n\t\t\t<style>\/*! elementor - v3.19.0 - 07-02-2024 *\/\n.elementor-widget-video .elementor-widget-container{overflow:hidden;transform:translateZ(0)}.elementor-widget-video .elementor-wrapper{aspect-ratio:var(--video-aspect-ratio)}.elementor-widget-video .elementor-wrapper iframe,.elementor-widget-video .elementor-wrapper video{height:100%;width:100%;display:flex;border:none;background-color:#000}@supports not (aspect-ratio:1\/1){.elementor-widget-video .elementor-wrapper{position:relative;overflow:hidden;height:0;padding-bottom:calc(100% \/ var(--video-aspect-ratio))}.elementor-widget-video .elementor-wrapper iframe,.elementor-widget-video .elementor-wrapper video{position:absolute;top:0;right:0;bottom:0;left:0}}.elementor-widget-video .elementor-open-inline .elementor-custom-embed-image-overlay{position:absolute;top:0;right:0;bottom:0;left:0;background-size:cover;background-position:50%}.elementor-widget-video .elementor-custom-embed-image-overlay{cursor:pointer;text-align:center}.elementor-widget-video .elementor-custom-embed-image-overlay:hover .elementor-custom-embed-play i{opacity:1}.elementor-widget-video .elementor-custom-embed-image-overlay img{display:block;width:100%;aspect-ratio:var(--video-aspect-ratio);-o-object-fit:cover;object-fit:cover;-o-object-position:center center;object-position:center center}@supports not (aspect-ratio:1\/1){.elementor-widget-video .elementor-custom-embed-image-overlay{position:relative;overflow:hidden;height:0;padding-bottom:calc(100% \/ var(--video-aspect-ratio))}.elementor-widget-video .elementor-custom-embed-image-overlay img{position:absolute;top:0;right:0;bottom:0;left:0}}.elementor-widget-video .e-hosted-video .elementor-video{-o-object-fit:cover;object-fit:cover}.e-con-inner>.elementor-widget-video,.e-con>.elementor-widget-video{width:var(--container-widget-width);--flex-grow:var(--container-widget-flex-grow)}<\/style>\t\t<div class=\"e-hosted-video elementor-wrapper elementor-open-inline\">\n\t\t\t\t\t<video class=\"elementor-video\" src=\"https:\/\/bremen.deutscher-schifffahrtstag.de\/wp-content\/uploads\/2022\/06\/c11eb17c69894612b2963d5b6d00d277.preview.mp4\" autoplay=\"\" controls=\"\" muted=\"muted\" controlsList=\"nodownload\"><\/video>\n\t\t\t\t<\/div>\n\t\t\t\t<\/div>\n\t\t\t\t<\/div>\n\t\t\t\t\t<\/div>\n\t\t<\/div>\n\t\t\t\t\t<\/div>\n\t\t<\/section>\n\t\t\t\t<\/div>\n\t\t","protected":false},"excerpt":{"rendered":"<p>Am 31. Juli 2022 ist es wieder soweit. Die Seenotretter stellen sich und ihre Arbeit am Tag der Seenotretter vor.<\/p>\n","protected":false},"author":3,"featured_media":4994,"comment_status":"open","ping_status":"open","sticky":false,"template":"","format":"standard","meta":{"footnotes":""},"categories":[1],"tags":[],"class_list":["post-4992","post","type-post","status-publish","format-standard","has-post-thumbnail","hentry","category-uncategorized"],"_links":{"self":[{"href":"https:\/\/bremen.deutscher-schifffahrtstag.de\/index.php\/wp-json\/wp\/v2\/posts\/4992","targetHints":{"allow":["GET"]}}],"collection":[{"href":"https:\/\/bremen.deutscher-schifffahrtstag.de\/index.php\/wp-json\/wp\/v2\/posts"}],"about":[{"href":"https:\/\/bremen.deutscher-schifffahrtstag.de\/index.php\/wp-json\/wp\/v2\/types\/post"}],"author":[{"embeddable":true,"href":"https:\/\/bremen.deutscher-schifffahrtstag.de\/index.php\/wp-json\/wp\/v2\/users\/3"}],"replies":[{"embeddable":true,"href":"https:\/\/bremen.deutscher-schifffahrtstag.de\/index.php\/wp-json\/wp\/v2\/comments?post=4992"}],"version-history":[{"count":7,"href":"https:\/\/bremen.deutscher-schifffahrtstag.de\/index.php\/wp-json\/wp\/v2\/posts\/4992\/revisions"}],"predecessor-version":[{"id":5001,"href":"https:\/\/bremen.deutscher-schifffahrtstag.de\/index.php\/wp-json\/wp\/v2\/posts\/4992\/revisions\/5001"}],"wp:featuredmedia":[{"embeddable":true,"href":"https:\/\/bremen.deutscher-schifffahrtstag.de\/index.php\/wp-json\/wp\/v2\/media\/4994"}],"wp:attachment":[{"href":"https:\/\/bremen.deutscher-schifffahrtstag.de\/index.php\/wp-json\/wp\/v2\/media?parent=4992"}],"wp:term":[{"taxonomy":"category","embeddable":true,"href":"https:\/\/bremen.deutscher-schifffahrtstag.de\/index.php\/wp-json\/wp\/v2\/categories?post=4992"},{"taxonomy":"post_tag","embeddable":true,"href":"https:\/\/bremen.deutscher-schifffahrtstag.de\/index.php\/wp-json\/wp\/v2\/tags?post=4992"}],"curies":[{"name":"wp","href":"https:\/\/api.w.org\/{rel}","templated":true}]}}