{"id":4793,"date":"2022-06-02T10:49:02","date_gmt":"2022-06-02T10:49:02","guid":{"rendered":"https:\/\/bremen.deutscher-schifffahrtstag.de\/?p=4793"},"modified":"2022-06-02T13:48:20","modified_gmt":"2022-06-02T13:48:20","slug":"tobias-leiss-hafenlotsengesellschaft-bremerhaven","status":"publish","type":"post","link":"https:\/\/bremen.deutscher-schifffahrtstag.de\/index.php\/2022\/06\/02\/tobias-leiss-hafenlotsengesellschaft-bremerhaven\/","title":{"rendered":"Tobias Lei\u00df \/ Hafenlotsengesellschaft Bremerhaven"},"content":{"rendered":"\t\t<div data-elementor-type=\"wp-post\" data-elementor-id=\"4793\" class=\"elementor elementor-4793\" data-elementor-post-type=\"post\">\n\t\t\t\t\t\t<section class=\"elementor-section elementor-top-section elementor-element elementor-element-98073d1 elementor-section-boxed elementor-section-height-default elementor-section-height-default\" data-id=\"98073d1\" data-element_type=\"section\">\n\t\t\t\t\t\t<div class=\"elementor-container elementor-column-gap-default\">\n\t\t\t\t\t<div class=\"elementor-column elementor-col-100 elementor-top-column elementor-element elementor-element-ca92c5b\" data-id=\"ca92c5b\" data-element_type=\"column\">\n\t\t\t<div class=\"elementor-widget-wrap elementor-element-populated\">\n\t\t\t\t\t\t<div class=\"elementor-element elementor-element-70a1564 elementor-widget elementor-widget-text-editor\" data-id=\"70a1564\" data-element_type=\"widget\" data-widget_type=\"text-editor.default\">\n\t\t\t\t<div class=\"elementor-widget-container\">\n\t\t\t<style>\/*! elementor - v3.19.0 - 07-02-2024 *\/\n.elementor-widget-text-editor.elementor-drop-cap-view-stacked .elementor-drop-cap{background-color:#69727d;color:#fff}.elementor-widget-text-editor.elementor-drop-cap-view-framed .elementor-drop-cap{color:#69727d;border:3px solid;background-color:transparent}.elementor-widget-text-editor:not(.elementor-drop-cap-view-default) .elementor-drop-cap{margin-top:8px}.elementor-widget-text-editor:not(.elementor-drop-cap-view-default) .elementor-drop-cap-letter{width:1em;height:1em}.elementor-widget-text-editor .elementor-drop-cap{float:left;text-align:center;line-height:1;font-size:50px}.elementor-widget-text-editor .elementor-drop-cap-letter{display:inline-block}<\/style>\t\t\t\t<p>Die Hafenlotsen der Hafenlotsengesellschaft Bremerhaven freuen sich sehr, dass der 36. Deutsche Schifffahrtstag Ende September wieder in unserem Heimathafen stattfindet.<\/p><p>Der Deutsche Schifffahrtstag 2022 bietet eine gute Gelegenheit die Bedeutung, sowie die Tradition der maritimen Standorte Bremen und Bremerhaven bundesweit zu pr\u00e4sentieren, sowie die Verdienste des Lotswesens in unseren H\u00e4fen herauszustellen.<\/p><p>Das Hafenlotswesen in Bremerhaven hat eine \u00fcber 150-j\u00e4hrige Tradition und ist auch heute noch von herausragender Bedeutung, denn eben diese Traditionen bilden die fortw\u00e4hrenden Strukturen und Abl\u00e4ufe aller Br\u00fcderschaften und sind das Ergebnis einer sehr langen Entwicklung. Mit \u00fcber 30 Hafenlotsen stellen wir sicher, dass gemeinsam weit \u00fcber 10.000 Schiffsbewegungen klar, reibungslos und im Sinne der Sicherheit und Leichtigkeit durchgef\u00fchrt werden k\u00f6nnen \u2013 &#8222;rund um die Uhr und 365 Tage im Jahr&#8220;.<\/p>\t\t\t\t\t\t<\/div>\n\t\t\t\t<\/div>\n\t\t\t\t\t<\/div>\n\t\t<\/div>\n\t\t\t\t\t<\/div>\n\t\t<\/section>\n\t\t\t\t<\/div>\n\t\t","protected":false},"excerpt":{"rendered":"<p>Am Deutschen Schifffahrtstag 2022 gemeinsam, klar und sauber der Sicherheit verpflichtet. <\/p>\n","protected":false},"author":2,"featured_media":4795,"comment_status":"open","ping_status":"open","sticky":false,"template":"","format":"standard","meta":{"footnotes":""},"categories":[16],"tags":[],"class_list":["post-4793","post","type-post","status-publish","format-standard","has-post-thumbnail","hentry","category-positionen"],"_links":{"self":[{"href":"https:\/\/bremen.deutscher-schifffahrtstag.de\/index.php\/wp-json\/wp\/v2\/posts\/4793","targetHints":{"allow":["GET"]}}],"collection":[{"href":"https:\/\/bremen.deutscher-schifffahrtstag.de\/index.php\/wp-json\/wp\/v2\/posts"}],"about":[{"href":"https:\/\/bremen.deutscher-schifffahrtstag.de\/index.php\/wp-json\/wp\/v2\/types\/post"}],"author":[{"embeddable":true,"href":"https:\/\/bremen.deutscher-schifffahrtstag.de\/index.php\/wp-json\/wp\/v2\/users\/2"}],"replies":[{"embeddable":true,"href":"https:\/\/bremen.deutscher-schifffahrtstag.de\/index.php\/wp-json\/wp\/v2\/comments?post=4793"}],"version-history":[{"count":7,"href":"https:\/\/bremen.deutscher-schifffahrtstag.de\/index.php\/wp-json\/wp\/v2\/posts\/4793\/revisions"}],"predecessor-version":[{"id":4826,"href":"https:\/\/bremen.deutscher-schifffahrtstag.de\/index.php\/wp-json\/wp\/v2\/posts\/4793\/revisions\/4826"}],"wp:featuredmedia":[{"embeddable":true,"href":"https:\/\/bremen.deutscher-schifffahrtstag.de\/index.php\/wp-json\/wp\/v2\/media\/4795"}],"wp:attachment":[{"href":"https:\/\/bremen.deutscher-schifffahrtstag.de\/index.php\/wp-json\/wp\/v2\/media?parent=4793"}],"wp:term":[{"taxonomy":"category","embeddable":true,"href":"https:\/\/bremen.deutscher-schifffahrtstag.de\/index.php\/wp-json\/wp\/v2\/categories?post=4793"},{"taxonomy":"post_tag","embeddable":true,"href":"https:\/\/bremen.deutscher-schifffahrtstag.de\/index.php\/wp-json\/wp\/v2\/tags?post=4793"}],"curies":[{"name":"wp","href":"https:\/\/api.w.org\/{rel}","templated":true}]}}