{"id":4502,"date":"2022-05-03T11:43:59","date_gmt":"2022-05-03T11:43:59","guid":{"rendered":"https:\/\/bremen.deutscher-schifffahrtstag.de\/?p=4502"},"modified":"2022-05-03T11:45:39","modified_gmt":"2022-05-03T11:45:39","slug":"andreas-born-leiter-der-bremer-mcn-geschaeftsstelle","status":"publish","type":"post","link":"https:\/\/bremen.deutscher-schifffahrtstag.de\/index.php\/2022\/05\/03\/andreas-born-leiter-der-bremer-mcn-geschaeftsstelle\/","title":{"rendered":"Andreas Born \/Leiter der Bremer MCN-Gesch\u00e4ftsstelle"},"content":{"rendered":"\t\t<div data-elementor-type=\"wp-post\" data-elementor-id=\"4502\" class=\"elementor elementor-4502\" data-elementor-post-type=\"post\">\n\t\t\t\t\t\t<section class=\"elementor-section elementor-top-section elementor-element elementor-element-15341dd elementor-section-boxed elementor-section-height-default elementor-section-height-default\" data-id=\"15341dd\" data-element_type=\"section\">\n\t\t\t\t\t\t<div class=\"elementor-container elementor-column-gap-default\">\n\t\t\t\t\t<div class=\"elementor-column elementor-col-100 elementor-top-column elementor-element elementor-element-17530e3\" data-id=\"17530e3\" data-element_type=\"column\">\n\t\t\t<div class=\"elementor-widget-wrap elementor-element-populated\">\n\t\t\t\t\t\t<div class=\"elementor-element elementor-element-ebeefdd elementor-widget elementor-widget-text-editor\" data-id=\"ebeefdd\" data-element_type=\"widget\" data-widget_type=\"text-editor.default\">\n\t\t\t\t<div class=\"elementor-widget-container\">\n\t\t\t<style>\/*! elementor - v3.19.0 - 07-02-2024 *\/\n.elementor-widget-text-editor.elementor-drop-cap-view-stacked .elementor-drop-cap{background-color:#69727d;color:#fff}.elementor-widget-text-editor.elementor-drop-cap-view-framed .elementor-drop-cap{color:#69727d;border:3px solid;background-color:transparent}.elementor-widget-text-editor:not(.elementor-drop-cap-view-default) .elementor-drop-cap{margin-top:8px}.elementor-widget-text-editor:not(.elementor-drop-cap-view-default) .elementor-drop-cap-letter{width:1em;height:1em}.elementor-widget-text-editor .elementor-drop-cap{float:left;text-align:center;line-height:1;font-size:50px}.elementor-widget-text-editor .elementor-drop-cap-letter{display:inline-block}<\/style>\t\t\t\t<p>Die maritime Wirtschaft auf ihrem Weg zu einer klimaneutralen Schifffahrt zu begleiten, den Dialog \u00fcber nachhaltige L\u00f6sungen zu f\u00f6rdern und gezielt Umsetzungsprojekte zu initiieren, geh\u00f6rt zu den Hauptaufgaben des Maritimen Clusters Norddeutschland. Im Namen unserer Mitglieder freuen wir uns sehr auf den Deutschen Schifffahrtstag 2022 in Bremen und Bremerhaven und auf das vielf\u00e4ltige Programmangebot. Wir laden alle Teilnehmenden zu einem fachlichen Austausch in die \u201eMaritime Innovationsmeile\u201c ein, um sich von den ausstellenden MCN-Mitgliedern Anwendungsbeispiele f\u00fcr eine nachhaltige Schifffahrt pr\u00e4sentieren zu lassen.<\/p>\t\t\t\t\t\t<\/div>\n\t\t\t\t<\/div>\n\t\t\t\t\t<\/div>\n\t\t<\/div>\n\t\t\t\t\t<\/div>\n\t\t<\/section>\n\t\t\t\t<\/div>\n\t\t","protected":false},"excerpt":{"rendered":"<p>Im Namen unserer Mitglieder freuen wir uns sehr auf den Deutschen Schifffahrtstag 2022.<\/p>\n","protected":false},"author":2,"featured_media":4504,"comment_status":"open","ping_status":"open","sticky":false,"template":"","format":"standard","meta":{"footnotes":""},"categories":[16],"tags":[],"class_list":["post-4502","post","type-post","status-publish","format-standard","has-post-thumbnail","hentry","category-positionen"],"_links":{"self":[{"href":"https:\/\/bremen.deutscher-schifffahrtstag.de\/index.php\/wp-json\/wp\/v2\/posts\/4502","targetHints":{"allow":["GET"]}}],"collection":[{"href":"https:\/\/bremen.deutscher-schifffahrtstag.de\/index.php\/wp-json\/wp\/v2\/posts"}],"about":[{"href":"https:\/\/bremen.deutscher-schifffahrtstag.de\/index.php\/wp-json\/wp\/v2\/types\/post"}],"author":[{"embeddable":true,"href":"https:\/\/bremen.deutscher-schifffahrtstag.de\/index.php\/wp-json\/wp\/v2\/users\/2"}],"replies":[{"embeddable":true,"href":"https:\/\/bremen.deutscher-schifffahrtstag.de\/index.php\/wp-json\/wp\/v2\/comments?post=4502"}],"version-history":[{"count":4,"href":"https:\/\/bremen.deutscher-schifffahrtstag.de\/index.php\/wp-json\/wp\/v2\/posts\/4502\/revisions"}],"predecessor-version":[{"id":4507,"href":"https:\/\/bremen.deutscher-schifffahrtstag.de\/index.php\/wp-json\/wp\/v2\/posts\/4502\/revisions\/4507"}],"wp:featuredmedia":[{"embeddable":true,"href":"https:\/\/bremen.deutscher-schifffahrtstag.de\/index.php\/wp-json\/wp\/v2\/media\/4504"}],"wp:attachment":[{"href":"https:\/\/bremen.deutscher-schifffahrtstag.de\/index.php\/wp-json\/wp\/v2\/media?parent=4502"}],"wp:term":[{"taxonomy":"category","embeddable":true,"href":"https:\/\/bremen.deutscher-schifffahrtstag.de\/index.php\/wp-json\/wp\/v2\/categories?post=4502"},{"taxonomy":"post_tag","embeddable":true,"href":"https:\/\/bremen.deutscher-schifffahrtstag.de\/index.php\/wp-json\/wp\/v2\/tags?post=4502"}],"curies":[{"name":"wp","href":"https:\/\/api.w.org\/{rel}","templated":true}]}}