{"id":4474,"date":"2022-05-02T13:12:16","date_gmt":"2022-05-02T13:12:16","guid":{"rendered":"https:\/\/bremen.deutscher-schifffahrtstag.de\/?p=4474"},"modified":"2022-05-02T13:41:04","modified_gmt":"2022-05-02T13:41:04","slug":"nautik-tradition-mit-zukunft-in-bremen-start-der-veranstaltungsreihe-der-hochschule-bremen-hsb-in-vorbereitung-auf-den-deutschen-schifffahrtstag","status":"publish","type":"post","link":"https:\/\/bremen.deutscher-schifffahrtstag.de\/index.php\/2022\/05\/02\/nautik-tradition-mit-zukunft-in-bremen-start-der-veranstaltungsreihe-der-hochschule-bremen-hsb-in-vorbereitung-auf-den-deutschen-schifffahrtstag\/","title":{"rendered":"Nautik, Tradition mit Zukunft in Bremen"},"content":{"rendered":"\t\t<div data-elementor-type=\"wp-post\" data-elementor-id=\"4474\" class=\"elementor elementor-4474\" data-elementor-post-type=\"post\">\n\t\t\t\t\t\t<section class=\"elementor-section elementor-top-section elementor-element elementor-element-cfd36a2 elementor-section-boxed elementor-section-height-default elementor-section-height-default\" data-id=\"cfd36a2\" data-element_type=\"section\">\n\t\t\t\t\t\t<div class=\"elementor-container elementor-column-gap-default\">\n\t\t\t\t\t<div class=\"elementor-column elementor-col-100 elementor-top-column elementor-element elementor-element-512bef3\" data-id=\"512bef3\" data-element_type=\"column\">\n\t\t\t<div class=\"elementor-widget-wrap elementor-element-populated\">\n\t\t\t\t\t\t<div class=\"elementor-element elementor-element-1cb3501 elementor-widget elementor-widget-text-editor\" data-id=\"1cb3501\" data-element_type=\"widget\" data-widget_type=\"text-editor.default\">\n\t\t\t\t<div class=\"elementor-widget-container\">\n\t\t\t<style>\/*! elementor - v3.19.0 - 07-02-2024 *\/\n.elementor-widget-text-editor.elementor-drop-cap-view-stacked .elementor-drop-cap{background-color:#69727d;color:#fff}.elementor-widget-text-editor.elementor-drop-cap-view-framed .elementor-drop-cap{color:#69727d;border:3px solid;background-color:transparent}.elementor-widget-text-editor:not(.elementor-drop-cap-view-default) .elementor-drop-cap{margin-top:8px}.elementor-widget-text-editor:not(.elementor-drop-cap-view-default) .elementor-drop-cap-letter{width:1em;height:1em}.elementor-widget-text-editor .elementor-drop-cap{float:left;text-align:center;line-height:1;font-size:50px}.elementor-widget-text-editor .elementor-drop-cap-letter{display:inline-block}<\/style>\t\t\t\t<p style=\"font-weight: 400;\"><em>I<\/em>n einer Vortragsreihe der Hochschule Bremen mit ihren maritim orientierten Studieng\u00e4ngen werden maritime Themen in drei Veranstaltungen vorgestellt und diskutiert. Auftakt ist am 10. Mai mit dem Fokus auf die zukunftsorientierten nautischen Kompetenzen in Bremen und deren Bedarf im internationalen Wettbewerb. Abschlie\u00dfend wird das innovative Projekt Offshore Spaceport vorgestellt, dessen Ziel es ist, Satelliten aus der Nordsee in das All zu schie\u00dfen. Die weiteren Veranstaltungen widmen sich am 15. Juni dem Thema &#8222;<i>Wie sicher ist die Nordsee?<\/i>&#8220; und am&nbsp; 12. Juli der Frage &#8222;<i>Digitalisierung der Schifffahrt &#8211; Fahren Schiffe k\u00fcnftig ohne Crew?<\/i>&#8222;<\/p>\n<p style=\"font-weight: 400;\">Die Vortragsreihe stimmt thematisch auf den Deutschen Schifffahrtstag unter dem Motto &#8222;Nachhaltige Schifffahrt: Gemeinsam, klar, sauber!&#8220; vom 29. September bis zum 2. Oktober in Bremen und Bremerhaven ein. Die drei Veranstaltungen finden am neuen Standort der Hochschule Bremen am Flughafendamm 40 statt wobei sich die Vortr\u00e4ge sowohl an Studierende und Mitarbeitende der Hochschule als auch an die interessierte \u00d6ffentlichkeit richten. Die Teilnahme ist kostenlos und ohne separate Anmeldung m\u00f6glich.<\/p>\n<p style=\"font-weight: 400;\">N\u00e4here Infos finden Sie hier <a href=\"https:\/\/www.hs-bremen.de\/die-hsb\/aktuelles\/nachricht\/vortragsreihe-zum-deutschen-schifffahrtstag-startet-am-10-mai\/\" style=\"\"><strong>https:\/\/www.hs-bremen.de\/die-hsb\/aktuelles\/nachricht\/vortragsreihe-zum-deutschen-schifffahrtstag-startet-am-10-mai\/<\/strong><\/a> und das vollst\u00e4ndige Programm der Veranstaltung finden Si<em>e <strong><a href=\"https:\/\/bremen.deutscher-schifffahrtstag.de\/wp-content\/uploads\/2022\/05\/NAUTIK-Tradition-mit-Zukunft-in-Bremen-Veranstaltung-10.-Mai.pdf\">hier.<\/a><\/strong><\/em><\/p>\n<p style=\"font-weight: 400;\"><em>&nbsp;<\/em><\/p>\t\t\t\t\t\t<\/div>\n\t\t\t\t<\/div>\n\t\t\t\t\t<\/div>\n\t\t<\/div>\n\t\t\t\t\t<\/div>\n\t\t<\/section>\n\t\t\t\t<\/div>\n\t\t","protected":false},"excerpt":{"rendered":"<p>Start der Veranstaltungsreihe der Hochschule Bremen (HSB) in Vorbereitung auf den Deutschen Schifffahrtstag am 10. Mai.<\/p>\n","protected":false},"author":3,"featured_media":4476,"comment_status":"open","ping_status":"open","sticky":false,"template":"","format":"standard","meta":{"footnotes":""},"categories":[1],"tags":[],"class_list":["post-4474","post","type-post","status-publish","format-standard","has-post-thumbnail","hentry","category-uncategorized"],"_links":{"self":[{"href":"https:\/\/bremen.deutscher-schifffahrtstag.de\/index.php\/wp-json\/wp\/v2\/posts\/4474","targetHints":{"allow":["GET"]}}],"collection":[{"href":"https:\/\/bremen.deutscher-schifffahrtstag.de\/index.php\/wp-json\/wp\/v2\/posts"}],"about":[{"href":"https:\/\/bremen.deutscher-schifffahrtstag.de\/index.php\/wp-json\/wp\/v2\/types\/post"}],"author":[{"embeddable":true,"href":"https:\/\/bremen.deutscher-schifffahrtstag.de\/index.php\/wp-json\/wp\/v2\/users\/3"}],"replies":[{"embeddable":true,"href":"https:\/\/bremen.deutscher-schifffahrtstag.de\/index.php\/wp-json\/wp\/v2\/comments?post=4474"}],"version-history":[{"count":10,"href":"https:\/\/bremen.deutscher-schifffahrtstag.de\/index.php\/wp-json\/wp\/v2\/posts\/4474\/revisions"}],"predecessor-version":[{"id":4487,"href":"https:\/\/bremen.deutscher-schifffahrtstag.de\/index.php\/wp-json\/wp\/v2\/posts\/4474\/revisions\/4487"}],"wp:featuredmedia":[{"embeddable":true,"href":"https:\/\/bremen.deutscher-schifffahrtstag.de\/index.php\/wp-json\/wp\/v2\/media\/4476"}],"wp:attachment":[{"href":"https:\/\/bremen.deutscher-schifffahrtstag.de\/index.php\/wp-json\/wp\/v2\/media?parent=4474"}],"wp:term":[{"taxonomy":"category","embeddable":true,"href":"https:\/\/bremen.deutscher-schifffahrtstag.de\/index.php\/wp-json\/wp\/v2\/categories?post=4474"},{"taxonomy":"post_tag","embeddable":true,"href":"https:\/\/bremen.deutscher-schifffahrtstag.de\/index.php\/wp-json\/wp\/v2\/tags?post=4474"}],"curies":[{"name":"wp","href":"https:\/\/api.w.org\/{rel}","templated":true}]}}