{"id":3813,"date":"2022-02-28T16:58:45","date_gmt":"2022-02-28T16:58:45","guid":{"rendered":"https:\/\/bremen.deutscher-schifffahrtstag.de\/?p=3813"},"modified":"2022-03-09T17:04:22","modified_gmt":"2022-03-09T17:04:22","slug":"dr-thomas-brinkmann-forschungsverbund-maritimes-recht","status":"publish","type":"post","link":"https:\/\/bremen.deutscher-schifffahrtstag.de\/index.php\/2022\/02\/28\/dr-thomas-brinkmann-forschungsverbund-maritimes-recht\/","title":{"rendered":"Dr. Thomas Brinkmann \/ Forschungsverbund Maritimes Recht"},"content":{"rendered":"\t\t<div data-elementor-type=\"wp-post\" data-elementor-id=\"3813\" class=\"elementor elementor-3813\" data-elementor-post-type=\"post\">\n\t\t\t\t\t\t<section class=\"elementor-section elementor-top-section elementor-element elementor-element-015c687 elementor-section-boxed elementor-section-height-default elementor-section-height-default\" data-id=\"015c687\" data-element_type=\"section\">\n\t\t\t\t\t\t<div class=\"elementor-container elementor-column-gap-default\">\n\t\t\t\t\t<div class=\"elementor-column elementor-col-100 elementor-top-column elementor-element elementor-element-3b14dc2\" data-id=\"3b14dc2\" data-element_type=\"column\">\n\t\t\t<div class=\"elementor-widget-wrap elementor-element-populated\">\n\t\t\t\t\t\t<div class=\"elementor-element elementor-element-7329072 elementor-widget elementor-widget-text-editor\" data-id=\"7329072\" data-element_type=\"widget\" data-widget_type=\"text-editor.default\">\n\t\t\t\t<div class=\"elementor-widget-container\">\n\t\t\t<style>\/*! elementor - v3.19.0 - 07-02-2024 *\/\n.elementor-widget-text-editor.elementor-drop-cap-view-stacked .elementor-drop-cap{background-color:#69727d;color:#fff}.elementor-widget-text-editor.elementor-drop-cap-view-framed .elementor-drop-cap{color:#69727d;border:3px solid;background-color:transparent}.elementor-widget-text-editor:not(.elementor-drop-cap-view-default) .elementor-drop-cap{margin-top:8px}.elementor-widget-text-editor:not(.elementor-drop-cap-view-default) .elementor-drop-cap-letter{width:1em;height:1em}.elementor-widget-text-editor .elementor-drop-cap{float:left;text-align:center;line-height:1;font-size:50px}.elementor-widget-text-editor .elementor-drop-cap-letter{display:inline-block}<\/style>\t\t\t\t<p class=\"s5\"><strong><span class=\"s4\">Position des Forschungsverbundes f\u00fcr Maritimes Recht<\/span><\/strong><\/p><p class=\"s7\"><span class=\"s6\">A<\/span><span class=\"s6\">n den Universit\u00e4ten und Hochschulen <\/span><span class=\"s6\">in Bremen &#8222;und <\/span><span class=\"s6\">umzu<\/span><span class=\"s6\">&#8220; befassen sich <\/span><span class=\"s6\">Wissenschaftler<\/span><span class=\"s6\">:Innen<\/span><span class=\"s6\"> mit zentralen Fragen des Maritimen Rechts. Dabei geht es heutzutage nicht mehr nur um die Bew\u00e4ltigung von G\u00fctersch\u00e4den auf See, auch wenn<\/span><span class=\"s6\"> wir<\/span><span class=\"s6\"> diese <\/span><span class=\"s6\">mit<\/span><span class=\"s6\"> den Schiffsunf\u00e4llen der MSC ZOE <\/span><span class=\"s6\">vor dem Ostfriesischen Inseln <\/span><span class=\"s6\">oder dem Brand des MS &#8222;<\/span><span class=\"s6\">Felicity<\/span><span class=\"s6\"> Ace&#8220; <\/span><span class=\"s6\">und <\/span><span class=\"s6\">seinem<\/span><a name=\"_GoBack\"><\/a><span class=\"s6\"> anschlie\u00dfenden Untergang<\/span><span class=\"s6\"> mitten im Atlantik k\u00fcrzlich wieder erleben mussten<\/span><span class=\"s6\">.<\/span><span class=\"s6\"> Klimawandel und Digitalisierung bieten Herausforderungen, die sich auf die Maritime Wirtschaft mit ihren vielf\u00e4ltigen Beteiligten unmittelbar auswirken. Die Einsparung von CO\u00b2 auf See kann nur erreicht werden, wenn es daf\u00fcr europa- und weltweite Regelungskonzepte gibt. Die Schnelligkeit des <\/span><span class=\"s6\">Handels erfordert<\/span><span class=\"s6\"> auch f\u00fcr den Seetransport einen Digitalisierungsschub bei den Frachtpapieren. <\/span><span class=\"s6\">D<\/span><span class=\"s6\">ies sind <\/span><span class=\"s6\">Beispiele f\u00fcr neue Entwicklungen, denen<\/span><span class=\"s6\"> sich die <\/span><span class=\"s6\">Wissenschaftler<\/span><span class=\"s6\">:Innen<\/span> <span class=\"s6\">stellen, die sich vor gut 10 Jahren im Forschungsverbund f\u00fcr Maritimes Recht in Bremen, Bremerhaven und in der Metropolregion Nordwest zusammengefunden haben. Wir sind hocherfreut, dass<\/span><span class=\"s6\"> sich<\/span><span class=\"s6\"> einige <\/span><span class=\"s6\">d<\/span><span class=\"s6\">er <\/span><span class=\"s6\">Wissenschaftler<\/span><span class=\"s6\">:Innen<\/span> <span class=\"s6\">des Forschungsverbundes f\u00fcr Maritimes Recht <\/span><span class=\"s6\">an dem thematischen Rahmenprogramm des Schifffahrtstages 2022 in Bremen und Bremerhaven beteiligen k\u00f6nnen. <\/span><\/p><p class=\"s8\"><span class=\"s6\">Mit freundlichen Gr\u00fc\u00dfen<\/span><\/p><p class=\"s9\"><span class=\"s6\">Forschungsverbund Maritimes Recht<\/span><\/p><p><img decoding=\"async\" class=\"alignnone size-full wp-image-3815\" src=\"https:\/\/bremen.deutscher-schifffahrtstag.de\/wp-content\/uploads\/2022\/03\/0D4FDC24-91ED-41F0-B4DA-A559FE108865.jpeg\" alt=\"\" width=\"132\" height=\"83\" \/><\/p>\t\t\t\t\t\t<\/div>\n\t\t\t\t<\/div>\n\t\t\t\t\t<\/div>\n\t\t<\/div>\n\t\t\t\t\t<\/div>\n\t\t<\/section>\n\t\t\t\t<\/div>\n\t\t","protected":false},"excerpt":{"rendered":"<p>Wir sind hocherfreut, dass sich einige der Wissenschaftler:Innen des Forschungsverbundes f\u00fcr Maritimes Recht an dem thematischen Rahmenprogramm des Schifffahrtstages 2022 in Bremen und Bremerhaven beteiligen k\u00f6nnen.<\/p>\n","protected":false},"author":2,"featured_media":3816,"comment_status":"open","ping_status":"open","sticky":false,"template":"","format":"standard","meta":{"footnotes":""},"categories":[1],"tags":[],"class_list":["post-3813","post","type-post","status-publish","format-standard","has-post-thumbnail","hentry","category-uncategorized"],"_links":{"self":[{"href":"https:\/\/bremen.deutscher-schifffahrtstag.de\/index.php\/wp-json\/wp\/v2\/posts\/3813","targetHints":{"allow":["GET"]}}],"collection":[{"href":"https:\/\/bremen.deutscher-schifffahrtstag.de\/index.php\/wp-json\/wp\/v2\/posts"}],"about":[{"href":"https:\/\/bremen.deutscher-schifffahrtstag.de\/index.php\/wp-json\/wp\/v2\/types\/post"}],"author":[{"embeddable":true,"href":"https:\/\/bremen.deutscher-schifffahrtstag.de\/index.php\/wp-json\/wp\/v2\/users\/2"}],"replies":[{"embeddable":true,"href":"https:\/\/bremen.deutscher-schifffahrtstag.de\/index.php\/wp-json\/wp\/v2\/comments?post=3813"}],"version-history":[{"count":7,"href":"https:\/\/bremen.deutscher-schifffahrtstag.de\/index.php\/wp-json\/wp\/v2\/posts\/3813\/revisions"}],"predecessor-version":[{"id":3822,"href":"https:\/\/bremen.deutscher-schifffahrtstag.de\/index.php\/wp-json\/wp\/v2\/posts\/3813\/revisions\/3822"}],"wp:featuredmedia":[{"embeddable":true,"href":"https:\/\/bremen.deutscher-schifffahrtstag.de\/index.php\/wp-json\/wp\/v2\/media\/3816"}],"wp:attachment":[{"href":"https:\/\/bremen.deutscher-schifffahrtstag.de\/index.php\/wp-json\/wp\/v2\/media?parent=3813"}],"wp:term":[{"taxonomy":"category","embeddable":true,"href":"https:\/\/bremen.deutscher-schifffahrtstag.de\/index.php\/wp-json\/wp\/v2\/categories?post=3813"},{"taxonomy":"post_tag","embeddable":true,"href":"https:\/\/bremen.deutscher-schifffahrtstag.de\/index.php\/wp-json\/wp\/v2\/tags?post=3813"}],"curies":[{"name":"wp","href":"https:\/\/api.w.org\/{rel}","templated":true}]}}