{"id":3738,"date":"2022-02-26T10:41:44","date_gmt":"2022-02-26T10:41:44","guid":{"rendered":"https:\/\/bremen.deutscher-schifffahrtstag.de\/?p=3738"},"modified":"2022-03-01T11:38:29","modified_gmt":"2022-03-01T11:38:29","slug":"thomas-reinhold-leitung-seemannsclub-welcome-bremerhaven","status":"publish","type":"post","link":"https:\/\/bremen.deutscher-schifffahrtstag.de\/index.php\/2022\/02\/26\/thomas-reinhold-leitung-seemannsclub-welcome-bremerhaven\/","title":{"rendered":"Thomas Reinhold \/ Leitung Seemannsclub \u201eWelcome\u201c Bremerhaven"},"content":{"rendered":"\t\t<div data-elementor-type=\"wp-post\" data-elementor-id=\"3738\" class=\"elementor elementor-3738\" data-elementor-post-type=\"post\">\n\t\t\t\t\t\t<section class=\"elementor-section elementor-top-section elementor-element elementor-element-10b1840 elementor-section-boxed elementor-section-height-default elementor-section-height-default\" data-id=\"10b1840\" data-element_type=\"section\">\n\t\t\t\t\t\t<div class=\"elementor-container elementor-column-gap-default\">\n\t\t\t\t\t<div class=\"elementor-column elementor-col-100 elementor-top-column elementor-element elementor-element-4366d26\" data-id=\"4366d26\" data-element_type=\"column\">\n\t\t\t<div class=\"elementor-widget-wrap elementor-element-populated\">\n\t\t\t\t\t\t<div class=\"elementor-element elementor-element-b4bde9c elementor-widget elementor-widget-text-editor\" data-id=\"b4bde9c\" data-element_type=\"widget\" data-widget_type=\"text-editor.default\">\n\t\t\t\t<div class=\"elementor-widget-container\">\n\t\t\t<style>\/*! elementor - v3.19.0 - 07-02-2024 *\/\n.elementor-widget-text-editor.elementor-drop-cap-view-stacked .elementor-drop-cap{background-color:#69727d;color:#fff}.elementor-widget-text-editor.elementor-drop-cap-view-framed .elementor-drop-cap{color:#69727d;border:3px solid;background-color:transparent}.elementor-widget-text-editor:not(.elementor-drop-cap-view-default) .elementor-drop-cap{margin-top:8px}.elementor-widget-text-editor:not(.elementor-drop-cap-view-default) .elementor-drop-cap-letter{width:1em;height:1em}.elementor-widget-text-editor .elementor-drop-cap{float:left;text-align:center;line-height:1;font-size:50px}.elementor-widget-text-editor .elementor-drop-cap-letter{display:inline-block}<\/style>\t\t\t\t<p>1992 zogen ich und meine Familie nach Finnland, um f\u00fcr die deutsche Seemannsmission die Station in M\u00e4ntyluoto zu leiten.<\/p><p>Sprachkurs klappte nicht mehr, alles musste schnell gehen, beim Auswahlgespr\u00e4ch f\u00fcr diese Stelle wurde ich gefragt ob ich Autos reparieren k\u00f6nne, dass kam mir schon komisch vor. Meine Frau und ich hatten uns zur Vorbereitung ein Merian Heft Finnland gekauft, dass war alles an Info. Dann fuhren wir los, mit den beiden Kindern der Sohn 4 Jahre und die Tochter 1 Monat.<\/p><p>Ca. einen Monat nachdem ich die Arbeit aufgenommen hatte, kam ein russisches Flussschiff in den Hafen. Alles sehr einfach an Bord fast \u00e4rmlich. Ja, sie h\u00e4tten wohl ein Problem. Die Reederei meldete sich nicht mehr. Das letzte Geld war auch nicht angekommen. Die Vorr\u00e4te an Bord gingen zu Ende. Die Seeleute sahen noch aus wie Jungs. Ich war auch noch wie ein unerfahrener Junge und \u00fcberlegte fieberhaft, wie ich an die Sache rangehen sollte. Ich kannte keinen Menschen dort, sprach diese verflixte Sprache nicht, hatte kein Netzwerk.<\/p><p>Ich telefonierte schlie\u00dflich mit dem Gewerkschaftsvertreter der ITF in Helsinki. No Problem I am coming!! Einen halben Tag sp\u00e4ter sa\u00dfen wir auf dem Schiff. Dann ging alles zack, zack. Das Schiff wurde an die Kette gelegt, die Reederei in Russland bekam einen h\u00e4sslichen Brief, die Hafenarbeiter solidarisierten sich, das rote Kreuz brachte Lebensmittel an Bord. Ich war zum ersten Mal in meinem Leben mit Bild in der Zeitung. Gemeinsam hatten wir das Problem gel\u00f6st.<\/p><p>\u00a0Als ich nach Bremerhaven kam um im Seemannsclub Welcome zu arbeiten, habe ich von Anfang an erlebt, wie hier alle an einem Seil ziehen. Das Kuratorium der Seemannsmission, das sich viertelj\u00e4hrlich trifft, ist besetzt mit Menschen aus dem Hafen, der Wirtschaft und der Politik, die nur eines im Blick haben, n\u00e4mlich, wie wir alle gemeinsam handeln und reagieren k\u00f6nnen um Seeleute zu unterst\u00fctzen. Alle Ehrenamtlichen Helfer, aber auch alle Menschen, die f\u00fcr die Seemannsmission spenden oder uns eine Plattform bieten unsere Arbeit vorzustellen, helfen am Ende den Seeleuten. Dieses Alles ist nur Gemeinsam M\u00f6glich.\u00a0<\/p><p>01.03.2022\u00a0 Thomas Reinold, Leitung Seemannsclub \u201eWelcome\u201c, Bremerhaven.<\/p>\t\t\t\t\t\t<\/div>\n\t\t\t\t<\/div>\n\t\t\t\t\t<\/div>\n\t\t<\/div>\n\t\t\t\t\t<\/div>\n\t\t<\/section>\n\t\t\t\t<\/div>\n\t\t","protected":false},"excerpt":{"rendered":"<p>Als ich nach Bremerhaven kam, um im Seemannsclub Welcome zu arbeiten, habe ich von Anfang an erlebt, wie hier alle an einem Seil ziehen. Das Kuratorium der Seemannsmission, das sich viertelj\u00e4hrlich trifft, ist besetzt mit Menschen aus dem Hafen, der Wirtschaft und der Politik, die nur eines im Blick haben, n\u00e4mlich, wie wir alle gemeinsam handeln und reagieren k\u00f6nnen, um Seeleute zu unterst\u00fctzen.<\/p>\n","protected":false},"author":2,"featured_media":3746,"comment_status":"open","ping_status":"open","sticky":false,"template":"","format":"standard","meta":{"footnotes":""},"categories":[16],"tags":[],"class_list":["post-3738","post","type-post","status-publish","format-standard","has-post-thumbnail","hentry","category-positionen"],"_links":{"self":[{"href":"https:\/\/bremen.deutscher-schifffahrtstag.de\/index.php\/wp-json\/wp\/v2\/posts\/3738","targetHints":{"allow":["GET"]}}],"collection":[{"href":"https:\/\/bremen.deutscher-schifffahrtstag.de\/index.php\/wp-json\/wp\/v2\/posts"}],"about":[{"href":"https:\/\/bremen.deutscher-schifffahrtstag.de\/index.php\/wp-json\/wp\/v2\/types\/post"}],"author":[{"embeddable":true,"href":"https:\/\/bremen.deutscher-schifffahrtstag.de\/index.php\/wp-json\/wp\/v2\/users\/2"}],"replies":[{"embeddable":true,"href":"https:\/\/bremen.deutscher-schifffahrtstag.de\/index.php\/wp-json\/wp\/v2\/comments?post=3738"}],"version-history":[{"count":4,"href":"https:\/\/bremen.deutscher-schifffahrtstag.de\/index.php\/wp-json\/wp\/v2\/posts\/3738\/revisions"}],"predecessor-version":[{"id":3749,"href":"https:\/\/bremen.deutscher-schifffahrtstag.de\/index.php\/wp-json\/wp\/v2\/posts\/3738\/revisions\/3749"}],"wp:featuredmedia":[{"embeddable":true,"href":"https:\/\/bremen.deutscher-schifffahrtstag.de\/index.php\/wp-json\/wp\/v2\/media\/3746"}],"wp:attachment":[{"href":"https:\/\/bremen.deutscher-schifffahrtstag.de\/index.php\/wp-json\/wp\/v2\/media?parent=3738"}],"wp:term":[{"taxonomy":"category","embeddable":true,"href":"https:\/\/bremen.deutscher-schifffahrtstag.de\/index.php\/wp-json\/wp\/v2\/categories?post=3738"},{"taxonomy":"post_tag","embeddable":true,"href":"https:\/\/bremen.deutscher-schifffahrtstag.de\/index.php\/wp-json\/wp\/v2\/tags?post=3738"}],"curies":[{"name":"wp","href":"https:\/\/api.w.org\/{rel}","templated":true}]}}