{"id":3653,"date":"2022-02-07T08:53:47","date_gmt":"2022-02-07T08:53:47","guid":{"rendered":"https:\/\/bremen.deutscher-schifffahrtstag.de\/?p=3653"},"modified":"2022-02-22T09:47:00","modified_gmt":"2022-02-22T09:47:00","slug":"michael-pasion-international-shipping-chartering-student-an-der-hochschule-bremen-hsb","status":"publish","type":"post","link":"https:\/\/bremen.deutscher-schifffahrtstag.de\/index.php\/2022\/02\/07\/michael-pasion-international-shipping-chartering-student-an-der-hochschule-bremen-hsb\/","title":{"rendered":"Michael Pasion (Philippinen) \/ International Shipping &#038; Chartering Student an der Hochschule Bremen (HSB)"},"content":{"rendered":"\t\t<div data-elementor-type=\"wp-post\" data-elementor-id=\"3653\" class=\"elementor elementor-3653\" data-elementor-post-type=\"post\">\n\t\t\t\t\t\t<section class=\"elementor-section elementor-top-section elementor-element elementor-element-b41dd4c elementor-section-boxed elementor-section-height-default elementor-section-height-default\" data-id=\"b41dd4c\" data-element_type=\"section\">\n\t\t\t\t\t\t<div class=\"elementor-container elementor-column-gap-default\">\n\t\t\t\t\t<div class=\"elementor-column elementor-col-100 elementor-top-column elementor-element elementor-element-cdd265e\" data-id=\"cdd265e\" data-element_type=\"column\">\n\t\t\t<div class=\"elementor-widget-wrap elementor-element-populated\">\n\t\t\t\t\t\t<div class=\"elementor-element elementor-element-e3ca0b3 elementor-widget elementor-widget-text-editor\" data-id=\"e3ca0b3\" data-element_type=\"widget\" data-widget_type=\"text-editor.default\">\n\t\t\t\t<div class=\"elementor-widget-container\">\n\t\t\t<style>\/*! elementor - v3.19.0 - 07-02-2024 *\/\n.elementor-widget-text-editor.elementor-drop-cap-view-stacked .elementor-drop-cap{background-color:#69727d;color:#fff}.elementor-widget-text-editor.elementor-drop-cap-view-framed .elementor-drop-cap{color:#69727d;border:3px solid;background-color:transparent}.elementor-widget-text-editor:not(.elementor-drop-cap-view-default) .elementor-drop-cap{margin-top:8px}.elementor-widget-text-editor:not(.elementor-drop-cap-view-default) .elementor-drop-cap-letter{width:1em;height:1em}.elementor-widget-text-editor .elementor-drop-cap{float:left;text-align:center;line-height:1;font-size:50px}.elementor-widget-text-editor .elementor-drop-cap-letter{display:inline-block}<\/style>\t\t\t\t<p>In Bremen zu leben und zu studieren ist der beste Weg, sich von der begeisterung f\u00fcr die Schifffahrt und die H\u00e4fen mitrei\u00dfen zu lassen. Daher freue ich mich sehr, als internationaler Student des Studiengangs \u201eInternational Shipping and Chartering\u201c Teil der Deutschen Schifffahrtstage 2022 zu sein.<br \/><br \/>Deutschland genie\u00dft im maritimen Sektor einen ausgezeichneten Ruf und ist gleichzeitig eines der f\u00fchrenden L\u00e4nder, das f\u00fcr seine nachhaltige Haltung im Kampf gegen den Klimawandel bekannt ist. Dieses starke Engagement zeigt sich auch im Motto der Deutschen Schifffahrtstage 2022: &#8222;Nachhaltige Schifffahrt: Gemeinsam, klar, sauber!&#8220;. Wir als zuk\u00fcnftige maritime Fachkr\u00e4fte werden eine gro\u00dfe Rolle dabei spielen, die Dekarbonisierungsziele in der Schifffahrt zu erreichen. Daher freuen wir uns darauf, Teil einer CO2-neutralen Zukunft zu sein, hoffentlich fr\u00fcher als 2045!<\/p>\t\t\t\t\t\t<\/div>\n\t\t\t\t<\/div>\n\t\t\t\t\t<\/div>\n\t\t<\/div>\n\t\t\t\t\t<\/div>\n\t\t<\/section>\n\t\t\t\t<\/div>\n\t\t","protected":false},"excerpt":{"rendered":"<p>Wir als zuk\u00fcnftige maritime Fachkr\u00e4fte werden eine gro\u00dfe Rolle dabei spielen, die Dekarbonisierungsziele in der Schifffahrt zu erreichen!<\/p>\n","protected":false},"author":2,"featured_media":3655,"comment_status":"open","ping_status":"open","sticky":false,"template":"","format":"standard","meta":{"footnotes":""},"categories":[16],"tags":[],"class_list":["post-3653","post","type-post","status-publish","format-standard","has-post-thumbnail","hentry","category-positionen"],"_links":{"self":[{"href":"https:\/\/bremen.deutscher-schifffahrtstag.de\/index.php\/wp-json\/wp\/v2\/posts\/3653","targetHints":{"allow":["GET"]}}],"collection":[{"href":"https:\/\/bremen.deutscher-schifffahrtstag.de\/index.php\/wp-json\/wp\/v2\/posts"}],"about":[{"href":"https:\/\/bremen.deutscher-schifffahrtstag.de\/index.php\/wp-json\/wp\/v2\/types\/post"}],"author":[{"embeddable":true,"href":"https:\/\/bremen.deutscher-schifffahrtstag.de\/index.php\/wp-json\/wp\/v2\/users\/2"}],"replies":[{"embeddable":true,"href":"https:\/\/bremen.deutscher-schifffahrtstag.de\/index.php\/wp-json\/wp\/v2\/comments?post=3653"}],"version-history":[{"count":5,"href":"https:\/\/bremen.deutscher-schifffahrtstag.de\/index.php\/wp-json\/wp\/v2\/posts\/3653\/revisions"}],"predecessor-version":[{"id":3670,"href":"https:\/\/bremen.deutscher-schifffahrtstag.de\/index.php\/wp-json\/wp\/v2\/posts\/3653\/revisions\/3670"}],"wp:featuredmedia":[{"embeddable":true,"href":"https:\/\/bremen.deutscher-schifffahrtstag.de\/index.php\/wp-json\/wp\/v2\/media\/3655"}],"wp:attachment":[{"href":"https:\/\/bremen.deutscher-schifffahrtstag.de\/index.php\/wp-json\/wp\/v2\/media?parent=3653"}],"wp:term":[{"taxonomy":"category","embeddable":true,"href":"https:\/\/bremen.deutscher-schifffahrtstag.de\/index.php\/wp-json\/wp\/v2\/categories?post=3653"},{"taxonomy":"post_tag","embeddable":true,"href":"https:\/\/bremen.deutscher-schifffahrtstag.de\/index.php\/wp-json\/wp\/v2\/tags?post=3653"}],"curies":[{"name":"wp","href":"https:\/\/api.w.org\/{rel}","templated":true}]}}