{"id":3537,"date":"2022-02-16T10:57:56","date_gmt":"2022-02-16T10:57:56","guid":{"rendered":"https:\/\/bremen.deutscher-schifffahrtstag.de\/?p=3537"},"modified":"2022-02-21T20:04:39","modified_gmt":"2022-02-21T20:04:39","slug":"bernd-kratz-1-vorsitzender-des-vdwt-e-v","status":"publish","type":"post","link":"https:\/\/bremen.deutscher-schifffahrtstag.de\/index.php\/2022\/02\/16\/bernd-kratz-1-vorsitzender-des-vdwt-e-v\/","title":{"rendered":"Bernd Kratz \/ 1. Vorsitzender des Vereins der Wirtschaftsingenieure f\u00fcr Transportwesen, VdWT e.V."},"content":{"rendered":"\t\t<div data-elementor-type=\"wp-post\" data-elementor-id=\"3537\" class=\"elementor elementor-3537\" data-elementor-post-type=\"post\">\n\t\t\t\t\t\t<section class=\"elementor-section elementor-top-section elementor-element elementor-element-a869ef4 elementor-section-boxed elementor-section-height-default elementor-section-height-default\" data-id=\"a869ef4\" data-element_type=\"section\">\n\t\t\t\t\t\t<div class=\"elementor-container elementor-column-gap-default\">\n\t\t\t\t\t<div class=\"elementor-column elementor-col-100 elementor-top-column elementor-element elementor-element-1cf7e56\" data-id=\"1cf7e56\" data-element_type=\"column\">\n\t\t\t<div class=\"elementor-widget-wrap elementor-element-populated\">\n\t\t\t\t\t\t<div class=\"elementor-element elementor-element-693601b elementor-widget elementor-widget-text-editor\" data-id=\"693601b\" data-element_type=\"widget\" data-widget_type=\"text-editor.default\">\n\t\t\t\t<div class=\"elementor-widget-container\">\n\t\t\t<style>\/*! elementor - v3.19.0 - 07-02-2024 *\/\n.elementor-widget-text-editor.elementor-drop-cap-view-stacked .elementor-drop-cap{background-color:#69727d;color:#fff}.elementor-widget-text-editor.elementor-drop-cap-view-framed .elementor-drop-cap{color:#69727d;border:3px solid;background-color:transparent}.elementor-widget-text-editor:not(.elementor-drop-cap-view-default) .elementor-drop-cap{margin-top:8px}.elementor-widget-text-editor:not(.elementor-drop-cap-view-default) .elementor-drop-cap-letter{width:1em;height:1em}.elementor-widget-text-editor .elementor-drop-cap{float:left;text-align:center;line-height:1;font-size:50px}.elementor-widget-text-editor .elementor-drop-cap-letter{display:inline-block}<\/style>\t\t\t\t<p>Als Partner des Deutschen Schifffahrtstags fokussiert die Veranstaltung mit dem provozierenden Thema \u201eIst die Weltschifffahrt noch ein verl\u00e4sslicher Partner in der Supply Chain?\u201c auf diverse in den letzten beiden Jahren erlebte Ereignisse in dieser Branche. Seien es St\u00f6rungen durch eine Havarie im Suezkanal, Containermangel an vielen Standorten auf der ganzen Welt, tempor\u00e4re Schlie\u00dfungen von Hafenanlagen aber auch signifikant steigende Frachtraten, etc. &#8211; Der weltweite Handel ist deutlich gest\u00f6rt und bislang zuverl\u00e4ssige Lieferketten rei\u00dfen ab. Was bedeuten diese Entwicklungen f\u00fcr Handel und Industrie? Wie reagiert die Wirtschaft auf fehlende Verl\u00e4sslichkeit in der Supply Chain? Betroffene Unternehmen sind gezwungen, ihre Prozessketten zu analysieren und gegebenenfalls zu relaunchen. Ist eine Tendenz von der Globalisierung zur\u00fcck zur Regionalisierung erkennbar? Bleibt China \u201edie Fabrik der Welt\u201c? Welche Bedeutung kann die neue Seidenstra\u00dfe gewinnen? Alles Fragestellungen der Tagung TWLogistik am 30. September 2022 in Bremerhaven.<\/p><p>Aber auch Referenten der Schifffahrt werden in Vortr\u00e4gen darstellen, wie die Branche auf diese Erfahrungen und Erkenntnisse reagiert, um Verl\u00e4sslichkeit in der Zukunft wieder sicherzustellen.<\/p><p>Der Vortrag der TWLogistik fokussiert wieder auf die Studierenden der Hochschule Bremerhaven: \u201eLogistik \u2013 die Branche f\u00fcr Start Ups\u201c.\u00a0 Gr\u00fcndungsunternehmen werden sich pr\u00e4sentieren aber auch offenlegen, welche Erfahrungen sich bei ihren ersten Schritten machten, welchen Schwierigkeiten sie gegen\u00fcberstanden und in einer Podiumsdiskussion und dem traditionellen Get Together vertiefen.<\/p><p>Der VdWT wurde 1983 von Ehemaligen, Studenten und Professoren des Studiengangs \u201eTransportwesen\u201c an der Hochschule Bremerhaven ins Leben gerufen. Die Motivation war, einerseits den Kontakt zwischen den Absolventen und der Hochschule aufrecht zu erhalten, andererseits sollte durch die R\u00fcckkopplung und Reflektion der in der Wirtschaft t\u00e4tigen \u201eEhemaligen\u201c der Praxisbezug des Studiengangs weiter intensiviert werden. Dar\u00fcber hinaus war der Gedanke, ein interdisziplin\u00e4res Informationsforum zu etablieren, um Ehemalige, Professoren und insbesondere die Studenten fachlich zusammenzuf\u00fchren \u2013 Diese Ziele werden durch Regionalgruppentreffen, die \u201eDigitalen Vortragsabende\u201c, die monatlichen TWNews und insbesondere mit der j\u00e4hrlichen Tagung TWLogistik in Bremerhaven verwirklicht.<\/p><p>Wir freuen uns, die TWLogistik22 in Kooperation mit dem Deutschen Schifffahrtstag durchf\u00fchren zu k\u00f6nnen.<\/p><p><strong>Bernd Kratz<\/strong><\/p><p>1. Vorsitzender des Vereins der Wirtschaftsingenieure f\u00fcr Transportwesen<br \/>Inhaber der EMA GmbH, Executive Management Advisors<br \/>Gesellschafter des Instituts des Interaktiven Handels, Berlin<\/p>\t\t\t\t\t\t<\/div>\n\t\t\t\t<\/div>\n\t\t\t\t\t<\/div>\n\t\t<\/div>\n\t\t\t\t\t<\/div>\n\t\t<\/section>\n\t\t\t\t<\/div>\n\t\t","protected":false},"excerpt":{"rendered":"<p>Parallel zum Deutschen Schifffahrtstag veranstaltet der \u201eVerein der Wirtschaftsingenieure f\u00fcr Transportwesen VdWT e.V.\u201c seine Fachtagung TWLogistik \u2013 zum 39. Mal und traditionell wieder in Bremerhaven. <\/p>\n","protected":false},"author":2,"featured_media":3539,"comment_status":"open","ping_status":"open","sticky":false,"template":"","format":"standard","meta":{"footnotes":""},"categories":[16],"tags":[],"class_list":["post-3537","post","type-post","status-publish","format-standard","has-post-thumbnail","hentry","category-positionen"],"_links":{"self":[{"href":"https:\/\/bremen.deutscher-schifffahrtstag.de\/index.php\/wp-json\/wp\/v2\/posts\/3537","targetHints":{"allow":["GET"]}}],"collection":[{"href":"https:\/\/bremen.deutscher-schifffahrtstag.de\/index.php\/wp-json\/wp\/v2\/posts"}],"about":[{"href":"https:\/\/bremen.deutscher-schifffahrtstag.de\/index.php\/wp-json\/wp\/v2\/types\/post"}],"author":[{"embeddable":true,"href":"https:\/\/bremen.deutscher-schifffahrtstag.de\/index.php\/wp-json\/wp\/v2\/users\/2"}],"replies":[{"embeddable":true,"href":"https:\/\/bremen.deutscher-schifffahrtstag.de\/index.php\/wp-json\/wp\/v2\/comments?post=3537"}],"version-history":[{"count":5,"href":"https:\/\/bremen.deutscher-schifffahrtstag.de\/index.php\/wp-json\/wp\/v2\/posts\/3537\/revisions"}],"predecessor-version":[{"id":3550,"href":"https:\/\/bremen.deutscher-schifffahrtstag.de\/index.php\/wp-json\/wp\/v2\/posts\/3537\/revisions\/3550"}],"wp:featuredmedia":[{"embeddable":true,"href":"https:\/\/bremen.deutscher-schifffahrtstag.de\/index.php\/wp-json\/wp\/v2\/media\/3539"}],"wp:attachment":[{"href":"https:\/\/bremen.deutscher-schifffahrtstag.de\/index.php\/wp-json\/wp\/v2\/media?parent=3537"}],"wp:term":[{"taxonomy":"category","embeddable":true,"href":"https:\/\/bremen.deutscher-schifffahrtstag.de\/index.php\/wp-json\/wp\/v2\/categories?post=3537"},{"taxonomy":"post_tag","embeddable":true,"href":"https:\/\/bremen.deutscher-schifffahrtstag.de\/index.php\/wp-json\/wp\/v2\/tags?post=3537"}],"curies":[{"name":"wp","href":"https:\/\/api.w.org\/{rel}","templated":true}]}}