{"id":3179,"date":"2022-01-31T08:57:38","date_gmt":"2022-01-31T08:57:38","guid":{"rendered":"https:\/\/bremen.deutscher-schifffahrtstag.de\/?p=3179"},"modified":"2022-02-10T10:13:47","modified_gmt":"2022-02-10T10:13:47","slug":"staatsrat-tim-cordssen-ryglewski","status":"publish","type":"post","link":"https:\/\/bremen.deutscher-schifffahrtstag.de\/index.php\/2022\/01\/31\/staatsrat-tim-cordssen-ryglewski\/","title":{"rendered":"Staatsrat Tim Cord\u00dfen-Ryglewski"},"content":{"rendered":"\t\t<div data-elementor-type=\"wp-post\" data-elementor-id=\"3179\" class=\"elementor elementor-3179\" data-elementor-post-type=\"post\">\n\t\t\t\t\t\t<section class=\"elementor-section elementor-top-section elementor-element elementor-element-8003267 elementor-section-boxed elementor-section-height-default elementor-section-height-default\" data-id=\"8003267\" data-element_type=\"section\">\n\t\t\t\t\t\t<div class=\"elementor-container elementor-column-gap-default\">\n\t\t\t\t\t<div class=\"elementor-column elementor-col-100 elementor-top-column elementor-element elementor-element-66344c5\" data-id=\"66344c5\" data-element_type=\"column\">\n\t\t\t<div class=\"elementor-widget-wrap elementor-element-populated\">\n\t\t\t\t\t\t<div class=\"elementor-element elementor-element-fb63f03 elementor-widget elementor-widget-text-editor\" data-id=\"fb63f03\" data-element_type=\"widget\" data-widget_type=\"text-editor.default\">\n\t\t\t\t<div class=\"elementor-widget-container\">\n\t\t\t<style>\/*! elementor - v3.19.0 - 07-02-2024 *\/\n.elementor-widget-text-editor.elementor-drop-cap-view-stacked .elementor-drop-cap{background-color:#69727d;color:#fff}.elementor-widget-text-editor.elementor-drop-cap-view-framed .elementor-drop-cap{color:#69727d;border:3px solid;background-color:transparent}.elementor-widget-text-editor:not(.elementor-drop-cap-view-default) .elementor-drop-cap{margin-top:8px}.elementor-widget-text-editor:not(.elementor-drop-cap-view-default) .elementor-drop-cap-letter{width:1em;height:1em}.elementor-widget-text-editor .elementor-drop-cap{float:left;text-align:center;line-height:1;font-size:50px}.elementor-widget-text-editor .elementor-drop-cap-letter{display:inline-block}<\/style>\t\t\t\t<p>\u201eDie Wirtschaft der Freien Hansestadt Bremen ist ein Glied der einheitlichen deutschen Wirtschaft und hat in ihrem Rahmen die besondere Aufgabe, Seehandel, Seeschifffahrt und Seefischerei zu pflegen,\u201c so hei\u00dft es in der Verfassung des Landes Bremen und so l\u00e4sst sich mit gutem Grund sagen, dass die Ausrichtung des Deutschen Schifffahrtstages, noch dazu in den beiden St\u00e4dten Bremen und Bremerhaven, ein herausragendes Ereignis im Jahr 2022 sein wird.<\/p><p>\u00a0Der Deutsche Schifffahrtstag bietet die hervorragende M\u00f6glichkeit, die wirtschaftliche Basis des Landes, die in der Schifffahrt, den H\u00e4fen und dem internationalen Warenaustausch liegt, mit der Zukunftsorientierung und Innovationskraft, die sich ihrerseits auf eine breite Wissenschafts- und Forschungslandschaft st\u00fctzt, zu verkn\u00fcpfen. Deshalb sehe ich es mit gro\u00dfer Freude, dass die wissenschaftlichen Einrichtungen und auch die Ausbildungs- und Studienm\u00f6glichkeiten im maritimen Sektor fester Bestandteil der Planungen sind.<\/p><p>\u00a0Wissenschaft und H\u00e4fen geh\u00f6rten und geh\u00f6ren eng zusammen, denn die heutigen Megatrends der Dekarbonisierung und der Digitalisierung und Automatisierung lassen sich nur gemeinsam im Sinne der Menschen und des Wirtschaftsstandortes gestalten. \u201eNachhaltige Schifffahrt: Gemeinsam, klar, sauber!\u201c das Motto des Deutschen Schifffahrtstages bringt dies in knapper Form zum Ausdruck.<\/p><p>\u00a0Ich freue mich sehr auf die vielf\u00e4ltigen Aktivit\u00e4ten rund um den Deutschen Schifffahrtstag 2022 und sehe ganz besonders der gro\u00dfen Schiffs- und Bootsparade auf der Weser am 30. September 2022 mit Spannung entgegen. \u00a0<\/p><p>Tim Cord\u00dfen-Ryglewski, Staatsrat bei der Senatorin f\u00fcr Wissenschaft und H\u00e4fen.<\/p>\t\t\t\t\t\t<\/div>\n\t\t\t\t<\/div>\n\t\t\t\t\t<\/div>\n\t\t<\/div>\n\t\t\t\t\t<\/div>\n\t\t<\/section>\n\t\t\t\t<\/div>\n\t\t","protected":false},"excerpt":{"rendered":"<p>\u201eDie Wirtschaft der Freien Hansestadt Bremen ist ein Glied der einheitlichen deutschen Wirtschaft und hat in ihrem Rahmen die besondere Aufgabe, Seehandel, Seeschifffahrt und Seefischerei zu pflegen.&#8220; <\/p>\n","protected":false},"author":2,"featured_media":3181,"comment_status":"open","ping_status":"open","sticky":false,"template":"","format":"standard","meta":{"footnotes":""},"categories":[16],"tags":[],"class_list":["post-3179","post","type-post","status-publish","format-standard","has-post-thumbnail","hentry","category-positionen"],"_links":{"self":[{"href":"https:\/\/bremen.deutscher-schifffahrtstag.de\/index.php\/wp-json\/wp\/v2\/posts\/3179","targetHints":{"allow":["GET"]}}],"collection":[{"href":"https:\/\/bremen.deutscher-schifffahrtstag.de\/index.php\/wp-json\/wp\/v2\/posts"}],"about":[{"href":"https:\/\/bremen.deutscher-schifffahrtstag.de\/index.php\/wp-json\/wp\/v2\/types\/post"}],"author":[{"embeddable":true,"href":"https:\/\/bremen.deutscher-schifffahrtstag.de\/index.php\/wp-json\/wp\/v2\/users\/2"}],"replies":[{"embeddable":true,"href":"https:\/\/bremen.deutscher-schifffahrtstag.de\/index.php\/wp-json\/wp\/v2\/comments?post=3179"}],"version-history":[{"count":4,"href":"https:\/\/bremen.deutscher-schifffahrtstag.de\/index.php\/wp-json\/wp\/v2\/posts\/3179\/revisions"}],"predecessor-version":[{"id":3184,"href":"https:\/\/bremen.deutscher-schifffahrtstag.de\/index.php\/wp-json\/wp\/v2\/posts\/3179\/revisions\/3184"}],"wp:featuredmedia":[{"embeddable":true,"href":"https:\/\/bremen.deutscher-schifffahrtstag.de\/index.php\/wp-json\/wp\/v2\/media\/3181"}],"wp:attachment":[{"href":"https:\/\/bremen.deutscher-schifffahrtstag.de\/index.php\/wp-json\/wp\/v2\/media?parent=3179"}],"wp:term":[{"taxonomy":"category","embeddable":true,"href":"https:\/\/bremen.deutscher-schifffahrtstag.de\/index.php\/wp-json\/wp\/v2\/categories?post=3179"},{"taxonomy":"post_tag","embeddable":true,"href":"https:\/\/bremen.deutscher-schifffahrtstag.de\/index.php\/wp-json\/wp\/v2\/tags?post=3179"}],"curies":[{"name":"wp","href":"https:\/\/api.w.org\/{rel}","templated":true}]}}