{"id":2832,"date":"2022-02-16T12:10:28","date_gmt":"2022-02-16T12:10:28","guid":{"rendered":"https:\/\/bremen.deutscher-schifffahrtstag.de\/?p=2832"},"modified":"2022-02-21T20:04:00","modified_gmt":"2022-02-21T20:04:00","slug":"prof-dr-karin-luckey-rektorin-der-hochschule-bremen","status":"publish","type":"post","link":"https:\/\/bremen.deutscher-schifffahrtstag.de\/index.php\/2022\/02\/16\/prof-dr-karin-luckey-rektorin-der-hochschule-bremen\/","title":{"rendered":"Prof. Dr. Karin Luckey \/ Rektorin der Hochschule Bremen"},"content":{"rendered":"\t\t<div data-elementor-type=\"wp-post\" data-elementor-id=\"2832\" class=\"elementor elementor-2832\" data-elementor-post-type=\"post\">\n\t\t\t\t\t\t<section class=\"elementor-section elementor-top-section elementor-element elementor-element-2e1039d elementor-section-boxed elementor-section-height-default elementor-section-height-default\" data-id=\"2e1039d\" data-element_type=\"section\">\n\t\t\t\t\t\t<div class=\"elementor-container elementor-column-gap-default\">\n\t\t\t\t\t<div class=\"elementor-column elementor-col-100 elementor-top-column elementor-element elementor-element-bd17c15\" data-id=\"bd17c15\" data-element_type=\"column\">\n\t\t\t<div class=\"elementor-widget-wrap elementor-element-populated\">\n\t\t\t\t\t\t<div class=\"elementor-element elementor-element-9eb37a1 elementor-widget elementor-widget-text-editor\" data-id=\"9eb37a1\" data-element_type=\"widget\" data-widget_type=\"text-editor.default\">\n\t\t\t\t<div class=\"elementor-widget-container\">\n\t\t\t<style>\/*! elementor - v3.19.0 - 07-02-2024 *\/\n.elementor-widget-text-editor.elementor-drop-cap-view-stacked .elementor-drop-cap{background-color:#69727d;color:#fff}.elementor-widget-text-editor.elementor-drop-cap-view-framed .elementor-drop-cap{color:#69727d;border:3px solid;background-color:transparent}.elementor-widget-text-editor:not(.elementor-drop-cap-view-default) .elementor-drop-cap{margin-top:8px}.elementor-widget-text-editor:not(.elementor-drop-cap-view-default) .elementor-drop-cap-letter{width:1em;height:1em}.elementor-widget-text-editor .elementor-drop-cap{float:left;text-align:center;line-height:1;font-size:50px}.elementor-widget-text-editor .elementor-drop-cap-letter{display:inline-block}<\/style>\t\t\t\t<p><em>Nachhaltigkeit, untrennbar verbunden mit Umwelt- und Klimaschutz, ist an der Hochschule Bremen in allen Fachrichtungen thematisch pr\u00e4sent. Das gro\u00dfe Interesse unserer Studierenden und Besch\u00e4ftigten an diesem Zukunftsthema liefert daf\u00fcr weiteren R\u00fcckenwind. Als praxisorientierter \u201eVoll-Sortimenter\u201c mit den Bereichen Schiffbau, Seefahrt, Bauingenieurwesen, Logistik, aber auch Technische Biologie und Bionik, nutzen wir synergetisch die daraus sich ergebenden M\u00f6glichkeiten, einen die Schifffahrt betreffenden umfassenden Nachhaltigkeits-Ansatz zu entwickeln, der selbstverst\u00e4ndlich auch die \u00f6konomischen Aspekte nicht au\u00dfer acht l\u00e4sst. <\/em><\/p><em>\n<p>Zahlreiche Projekte belegen die Vorreiterrolle der Hochschule Bremen im maritimen Bereich. Dazu nur zwei Beispiele: Unsere Forscherinnen und Forscher aus der Bionik haben in Zusammenarbeit mit einem Partner-Unternehmen biologisch inspirierte Anti-Bewuchsoberfl\u00e4chen zur gro\u00dftechnischen Anwendung im Schiffbau entwickelt. Damit l\u00e4sst sich der Einsatz bislang verwendeter hochgiftiger Schiffsanstriche vermeiden. In einem anderen Forschungsprojekt geht es um eine Entwurfsplattform f\u00fcr den ganzheitlichen Entwurf und die Optimierung von Schiffen (\u201eholistic ship design\u201c). Hiermit soll es erm\u00f6glicht werden, bereits im fr\u00fchen Entwurf den gesamten Lebenszyklus des Schiffes zu ber\u00fccksichtigen, unter Einbeziehung von \u00f6konomischen und \u00f6kologischen Kriterien. Dar\u00fcber hinaus besch\u00e4ftigen sich weitere Vorhaben der Hochschule Bremen mit Fragen der Antriebstechnik, der Energieeffizienz oder der Materialwissenschaften, die gleichfalls bedeutsam f\u00fcr den Klimaschutz und die Nachhaltigkeit auch in der Schifffahrt sind. <\/p>\n<p>Im Land Bremen arbeiten in rund 1.300 Unternehmen mindestens 40.000 Menschen in der maritimen Wirtschaft. Zus\u00e4tzlich sind zahlreiche indirekt Hafen-abh\u00e4ngige Besch\u00e4ftige an der Weiterverarbeitung und am Transport beteiligt. Somit geben die Bremischen H\u00e4fen mindestens 74.000 Menschen Arbeit. Aus dieser regionalwirtschaftlich Bedeutung des maritimen Sektors, unserem Selbstverst\u00e4ndnis als Hochschule der Angewandten Wissenschaften sowie unserer eigenen Tradition leiten wir die Selbstverpflichtung ab, auch weiterhin unseren Beitrag zu einer nachhaltigen Schifffahrt zu leisten. <\/p>\n<\/em><p><em>Prof. Dr. Karin Luckey<\/em><br><em>Rektorin der Hochschule Bremen<\/em><\/p>\t\t\t\t\t\t<\/div>\n\t\t\t\t<\/div>\n\t\t\t\t\t<\/div>\n\t\t<\/div>\n\t\t\t\t\t<\/div>\n\t\t<\/section>\n\t\t\t\t<\/div>\n\t\t","protected":false},"excerpt":{"rendered":"<p>Im Land Bremen arbeiten in rund 1.300 Unternehmen mindestens 40.000 Menschen in der maritimen Wirtschaft. Zus\u00e4tzlich sind zahlreiche indirekt Hafen-abh\u00e4ngige Besch\u00e4ftige an der Weiterverarbeitung und am Transport beteiligt. Somit geben die bremischen H\u00e4fen mindestens 74.000 Menschen Arbeit.<\/p>\n","protected":false},"author":2,"featured_media":2834,"comment_status":"open","ping_status":"open","sticky":false,"template":"","format":"standard","meta":{"footnotes":""},"categories":[16],"tags":[],"class_list":["post-2832","post","type-post","status-publish","format-standard","has-post-thumbnail","hentry","category-positionen"],"_links":{"self":[{"href":"https:\/\/bremen.deutscher-schifffahrtstag.de\/index.php\/wp-json\/wp\/v2\/posts\/2832","targetHints":{"allow":["GET"]}}],"collection":[{"href":"https:\/\/bremen.deutscher-schifffahrtstag.de\/index.php\/wp-json\/wp\/v2\/posts"}],"about":[{"href":"https:\/\/bremen.deutscher-schifffahrtstag.de\/index.php\/wp-json\/wp\/v2\/types\/post"}],"author":[{"embeddable":true,"href":"https:\/\/bremen.deutscher-schifffahrtstag.de\/index.php\/wp-json\/wp\/v2\/users\/2"}],"replies":[{"embeddable":true,"href":"https:\/\/bremen.deutscher-schifffahrtstag.de\/index.php\/wp-json\/wp\/v2\/comments?post=2832"}],"version-history":[{"count":7,"href":"https:\/\/bremen.deutscher-schifffahrtstag.de\/index.php\/wp-json\/wp\/v2\/posts\/2832\/revisions"}],"predecessor-version":[{"id":2873,"href":"https:\/\/bremen.deutscher-schifffahrtstag.de\/index.php\/wp-json\/wp\/v2\/posts\/2832\/revisions\/2873"}],"wp:featuredmedia":[{"embeddable":true,"href":"https:\/\/bremen.deutscher-schifffahrtstag.de\/index.php\/wp-json\/wp\/v2\/media\/2834"}],"wp:attachment":[{"href":"https:\/\/bremen.deutscher-schifffahrtstag.de\/index.php\/wp-json\/wp\/v2\/media?parent=2832"}],"wp:term":[{"taxonomy":"category","embeddable":true,"href":"https:\/\/bremen.deutscher-schifffahrtstag.de\/index.php\/wp-json\/wp\/v2\/categories?post=2832"},{"taxonomy":"post_tag","embeddable":true,"href":"https:\/\/bremen.deutscher-schifffahrtstag.de\/index.php\/wp-json\/wp\/v2\/tags?post=2832"}],"curies":[{"name":"wp","href":"https:\/\/api.w.org\/{rel}","templated":true}]}}