{"id":2799,"date":"2022-01-18T13:04:51","date_gmt":"2022-01-18T13:04:51","guid":{"rendered":"https:\/\/bremen.deutscher-schifffahrtstag.de\/?p=2799"},"modified":"2022-01-18T13:06:01","modified_gmt":"2022-01-18T13:06:01","slug":"ozeane-im-wandel","status":"publish","type":"post","link":"https:\/\/bremen.deutscher-schifffahrtstag.de\/index.php\/2022\/01\/18\/ozeane-im-wandel\/","title":{"rendered":"Ozeane im Wandel"},"content":{"rendered":"\t\t<div data-elementor-type=\"wp-post\" data-elementor-id=\"2799\" class=\"elementor elementor-2799\" data-elementor-post-type=\"post\">\n\t\t\t\t\t\t<section class=\"elementor-section elementor-top-section elementor-element elementor-element-5f62eda elementor-section-boxed elementor-section-height-default elementor-section-height-default\" data-id=\"5f62eda\" data-element_type=\"section\">\n\t\t\t\t\t\t<div class=\"elementor-container elementor-column-gap-default\">\n\t\t\t\t\t<div class=\"elementor-column elementor-col-100 elementor-top-column elementor-element elementor-element-84d0c32\" data-id=\"84d0c32\" data-element_type=\"column\">\n\t\t\t<div class=\"elementor-widget-wrap elementor-element-populated\">\n\t\t\t\t\t\t<div class=\"elementor-element elementor-element-57151b1 elementor-widget elementor-widget-text-editor\" data-id=\"57151b1\" data-element_type=\"widget\" data-widget_type=\"text-editor.default\">\n\t\t\t\t<div class=\"elementor-widget-container\">\n\t\t\t<style>\/*! elementor - v3.19.0 - 07-02-2024 *\/\n.elementor-widget-text-editor.elementor-drop-cap-view-stacked .elementor-drop-cap{background-color:#69727d;color:#fff}.elementor-widget-text-editor.elementor-drop-cap-view-framed .elementor-drop-cap{color:#69727d;border:3px solid;background-color:transparent}.elementor-widget-text-editor:not(.elementor-drop-cap-view-default) .elementor-drop-cap{margin-top:8px}.elementor-widget-text-editor:not(.elementor-drop-cap-view-default) .elementor-drop-cap-letter{width:1em;height:1em}.elementor-widget-text-editor .elementor-drop-cap{float:left;text-align:center;line-height:1;font-size:50px}.elementor-widget-text-editor .elementor-drop-cap-letter{display:inline-block}<\/style>\t\t\t\t<p>Mit den zwei Sonderausstellungen vom 25. Februar bis 31. Juli widmet sich das Deutsche Schifffahrtsmuseum in Bremerhaven der aktuellen Debatte um Klimaver\u00e4nderungen &#8211; vor allem auf dem Ozean.\u00a0<\/p><p>Die Schau &#8222;Change now! Schiffe ver\u00e4ndern die Welt&#8220; spannt einen Bogen vom Meeresspiegelanstieg \u00fcber den Wandel der Arten bis hin zur Forschungsschifffahrt. Zehn Thesen beleuchten die Rolle der Schiffe in ihren unterschiedlichsten Facetten: Welche Rolle spielen Schiffe bei weltweiter Migration? Wie tragen sie zu sozialer Ungleichheit oder auch zum Kulturaustausch bei? D<span style=\"font-size: 1rem;\">ie G\u00e4ste gehen direkt auf einen Expedition ins Meer, erleben neben einer Walparade die Sch\u00f6nheit des Leben unter Wasser, entdecken die Geheimnisse der Meeresforschung und werden angeregt, \u00fcber die Zukunft der Schifffahrt nachzudenken.<\/span><\/p><p><span style=\"font-size: 1rem;\">Bei der zweite Sonderausstellung, &#8222;Into the Ice&#8220;,\u00a0 erm\u00f6glicht eine Fotoschau den R\u00fcckblick auf die Mosaic-expedition, die gr\u00f6\u00dfte Arktis-Expedition aller Zeiten. Ziel der im September 2019 startenden hunderten Forschenden aus \u00fcber 20 L\u00e4ndern war es den Klimawandel besser verstehen zu k\u00f6nnen.\u00a0<\/span><\/p><p><span style=\"font-size: 1rem;\">Mehr Infos zu den Ausstellungen finden Sie <em><strong><a href=\"https:\/\/www.dsm.museum\/\">hier<\/a><\/strong><\/em>.<\/span><\/p>\t\t\t\t\t\t<\/div>\n\t\t\t\t<\/div>\n\t\t\t\t\t<\/div>\n\t\t<\/div>\n\t\t\t\t\t<\/div>\n\t\t<\/section>\n\t\t\t\t<\/div>\n\t\t","protected":false},"excerpt":{"rendered":"<p>Ab dem 25. Februar zeigt das Deutsche Schifffahrtsmuseum zwei Sonderausstellungen. Es geht um die wechselnde Rolle der Schifffahrt und einen R\u00fcckblick auf die gr\u00f6\u00dfte Arktis-Expedition aller Zeiten.<\/p>\n","protected":false},"author":3,"featured_media":2801,"comment_status":"open","ping_status":"open","sticky":false,"template":"","format":"standard","meta":{"footnotes":""},"categories":[1],"tags":[],"class_list":["post-2799","post","type-post","status-publish","format-standard","has-post-thumbnail","hentry","category-uncategorized"],"_links":{"self":[{"href":"https:\/\/bremen.deutscher-schifffahrtstag.de\/index.php\/wp-json\/wp\/v2\/posts\/2799","targetHints":{"allow":["GET"]}}],"collection":[{"href":"https:\/\/bremen.deutscher-schifffahrtstag.de\/index.php\/wp-json\/wp\/v2\/posts"}],"about":[{"href":"https:\/\/bremen.deutscher-schifffahrtstag.de\/index.php\/wp-json\/wp\/v2\/types\/post"}],"author":[{"embeddable":true,"href":"https:\/\/bremen.deutscher-schifffahrtstag.de\/index.php\/wp-json\/wp\/v2\/users\/3"}],"replies":[{"embeddable":true,"href":"https:\/\/bremen.deutscher-schifffahrtstag.de\/index.php\/wp-json\/wp\/v2\/comments?post=2799"}],"version-history":[{"count":4,"href":"https:\/\/bremen.deutscher-schifffahrtstag.de\/index.php\/wp-json\/wp\/v2\/posts\/2799\/revisions"}],"predecessor-version":[{"id":2804,"href":"https:\/\/bremen.deutscher-schifffahrtstag.de\/index.php\/wp-json\/wp\/v2\/posts\/2799\/revisions\/2804"}],"wp:featuredmedia":[{"embeddable":true,"href":"https:\/\/bremen.deutscher-schifffahrtstag.de\/index.php\/wp-json\/wp\/v2\/media\/2801"}],"wp:attachment":[{"href":"https:\/\/bremen.deutscher-schifffahrtstag.de\/index.php\/wp-json\/wp\/v2\/media?parent=2799"}],"wp:term":[{"taxonomy":"category","embeddable":true,"href":"https:\/\/bremen.deutscher-schifffahrtstag.de\/index.php\/wp-json\/wp\/v2\/categories?post=2799"},{"taxonomy":"post_tag","embeddable":true,"href":"https:\/\/bremen.deutscher-schifffahrtstag.de\/index.php\/wp-json\/wp\/v2\/tags?post=2799"}],"curies":[{"name":"wp","href":"https:\/\/api.w.org\/{rel}","templated":true}]}}