{"id":2777,"date":"2022-01-18T10:51:15","date_gmt":"2022-01-18T10:51:15","guid":{"rendered":"https:\/\/bremen.deutscher-schifffahrtstag.de\/?p=2777"},"modified":"2022-01-20T07:57:43","modified_gmt":"2022-01-20T07:57:43","slug":"die-notwendigkeit-von-psychosozialer-notfallversorgung-in-der-maritimen-welt","status":"publish","type":"post","link":"https:\/\/bremen.deutscher-schifffahrtstag.de\/index.php\/2022\/01\/18\/die-notwendigkeit-von-psychosozialer-notfallversorgung-in-der-maritimen-welt\/","title":{"rendered":"Die Notwendigkeit von psychosozialer Notfallversorgung in der maritimen Welt"},"content":{"rendered":"\t\t<div data-elementor-type=\"wp-post\" data-elementor-id=\"2777\" class=\"elementor elementor-2777\" data-elementor-post-type=\"post\">\n\t\t\t\t\t\t<section class=\"elementor-section elementor-top-section elementor-element elementor-element-8bc90e3 elementor-section-boxed elementor-section-height-default elementor-section-height-default\" data-id=\"8bc90e3\" data-element_type=\"section\">\n\t\t\t\t\t\t<div class=\"elementor-container elementor-column-gap-default\">\n\t\t\t\t\t<div class=\"elementor-column elementor-col-100 elementor-top-column elementor-element elementor-element-3a4e33e\" data-id=\"3a4e33e\" data-element_type=\"column\">\n\t\t\t<div class=\"elementor-widget-wrap elementor-element-populated\">\n\t\t\t\t\t\t<div class=\"elementor-element elementor-element-63d3cda elementor-widget elementor-widget-text-editor\" data-id=\"63d3cda\" data-element_type=\"widget\" data-widget_type=\"text-editor.default\">\n\t\t\t\t<div class=\"elementor-widget-container\">\n\t\t\t<style>\/*! elementor - v3.19.0 - 07-02-2024 *\/\n.elementor-widget-text-editor.elementor-drop-cap-view-stacked .elementor-drop-cap{background-color:#69727d;color:#fff}.elementor-widget-text-editor.elementor-drop-cap-view-framed .elementor-drop-cap{color:#69727d;border:3px solid;background-color:transparent}.elementor-widget-text-editor:not(.elementor-drop-cap-view-default) .elementor-drop-cap{margin-top:8px}.elementor-widget-text-editor:not(.elementor-drop-cap-view-default) .elementor-drop-cap-letter{width:1em;height:1em}.elementor-widget-text-editor .elementor-drop-cap{float:left;text-align:center;line-height:1;font-size:50px}.elementor-widget-text-editor .elementor-drop-cap-letter{display:inline-block}<\/style>\t\t\t\t<p>Die Arbeit an Bord der Schiffe wird von Seeleuten ausgef\u00fchrt die mit gro\u00dfem Einsatz, mit vielen Entbehrungen und unter sehr anstrengenden Bedingungen daf\u00fcr Sorge tragen, dass die Versorgung unserer Gesellschaft gesichert ist. Sie ist verbunden mit vielen Stressfaktoren wie z.B. Einsamkeit, lange Abwesenheit von Zuhause, hohen Arbeitsbelastungen und wenige Freizeitm\u00f6glichkeiten. Krankheiten, Unf\u00e4lle und stark belastende Ereignisse wie Person \u00fcber Bord, Feuer oder Havarien f\u00fchren zu besonderen psychischen Belastungen und in einigen F\u00e4llen sogar zu posttraumatischen Erkrankungen.\u00a0<\/p><p>Die Psychosoziale Notfallversorgung zielt darauf ab, kritische Ereignisse und einhergehende Belastungen zu bew\u00e4ltigen und m\u00f6gliche besagte Folgeerkrankungen, wie z.B. posttraumatische Belastungsst\u00f6rungen, zu vermeiden. PSNV in der maritimen Welt ist somit Erste Hilfe f\u00fcr die Seele der Seeleute.\u00a0<\/p><p>Zudem hat die Deutsche Seemannsmission die Chatplattform <em><strong><a href=\"http:\/\/dsm.care\">dsm.care<\/a><\/strong><\/em> eingef\u00fchrt. Die Online Plattform gibt den Seeleuten die M\u00f6glichkeit weltweit und rund um die Uhr Mitarbeitende der Deutschen Seemannsmission zu erreichen.\u00a0<\/p>\t\t\t\t\t\t<\/div>\n\t\t\t\t<\/div>\n\t\t\t\t\t<\/div>\n\t\t<\/div>\n\t\t\t\t\t<\/div>\n\t\t<\/section>\n\t\t\t\t<\/div>\n\t\t","protected":false},"excerpt":{"rendered":"<p>Mit der Einf\u00fchrung der Stelle eines Koordinators f\u00fcr Psychosoziale Notfallversorgung (PSNV) schafft die Deutsche Seemannsmission die M\u00f6glichkeit, Seeleuten nach belastenden Ereignissen ein angemessenes Betreuungsangebot zukommen zu lassen.<\/p>\n","protected":false},"author":3,"featured_media":2779,"comment_status":"open","ping_status":"open","sticky":false,"template":"","format":"standard","meta":{"footnotes":""},"categories":[1],"tags":[],"class_list":["post-2777","post","type-post","status-publish","format-standard","has-post-thumbnail","hentry","category-uncategorized"],"_links":{"self":[{"href":"https:\/\/bremen.deutscher-schifffahrtstag.de\/index.php\/wp-json\/wp\/v2\/posts\/2777","targetHints":{"allow":["GET"]}}],"collection":[{"href":"https:\/\/bremen.deutscher-schifffahrtstag.de\/index.php\/wp-json\/wp\/v2\/posts"}],"about":[{"href":"https:\/\/bremen.deutscher-schifffahrtstag.de\/index.php\/wp-json\/wp\/v2\/types\/post"}],"author":[{"embeddable":true,"href":"https:\/\/bremen.deutscher-schifffahrtstag.de\/index.php\/wp-json\/wp\/v2\/users\/3"}],"replies":[{"embeddable":true,"href":"https:\/\/bremen.deutscher-schifffahrtstag.de\/index.php\/wp-json\/wp\/v2\/comments?post=2777"}],"version-history":[{"count":7,"href":"https:\/\/bremen.deutscher-schifffahrtstag.de\/index.php\/wp-json\/wp\/v2\/posts\/2777\/revisions"}],"predecessor-version":[{"id":2807,"href":"https:\/\/bremen.deutscher-schifffahrtstag.de\/index.php\/wp-json\/wp\/v2\/posts\/2777\/revisions\/2807"}],"wp:featuredmedia":[{"embeddable":true,"href":"https:\/\/bremen.deutscher-schifffahrtstag.de\/index.php\/wp-json\/wp\/v2\/media\/2779"}],"wp:attachment":[{"href":"https:\/\/bremen.deutscher-schifffahrtstag.de\/index.php\/wp-json\/wp\/v2\/media?parent=2777"}],"wp:term":[{"taxonomy":"category","embeddable":true,"href":"https:\/\/bremen.deutscher-schifffahrtstag.de\/index.php\/wp-json\/wp\/v2\/categories?post=2777"},{"taxonomy":"post_tag","embeddable":true,"href":"https:\/\/bremen.deutscher-schifffahrtstag.de\/index.php\/wp-json\/wp\/v2\/tags?post=2777"}],"curies":[{"name":"wp","href":"https:\/\/api.w.org\/{rel}","templated":true}]}}