{"id":2756,"date":"2022-01-17T08:00:39","date_gmt":"2022-01-17T08:00:39","guid":{"rendered":"https:\/\/bremen.deutscher-schifffahrtstag.de\/?p=2756"},"modified":"2022-01-18T08:56:20","modified_gmt":"2022-01-18T08:56:20","slug":"uwe-beckmeyer-vorsitzender-des-wirtschaftsverband-weser-e-v","status":"publish","type":"post","link":"https:\/\/bremen.deutscher-schifffahrtstag.de\/index.php\/2022\/01\/17\/uwe-beckmeyer-vorsitzender-des-wirtschaftsverband-weser-e-v\/","title":{"rendered":"Uwe Beckmeyer \/ Vorsitzender des Wirtschaftsverbandes Weser e.V."},"content":{"rendered":"\t\t<div data-elementor-type=\"wp-post\" data-elementor-id=\"2756\" class=\"elementor elementor-2756\" data-elementor-post-type=\"post\">\n\t\t\t\t\t\t<section class=\"elementor-section elementor-top-section elementor-element elementor-element-0b5fbf6 elementor-section-boxed elementor-section-height-default elementor-section-height-default\" data-id=\"0b5fbf6\" data-element_type=\"section\">\n\t\t\t\t\t\t<div class=\"elementor-container elementor-column-gap-default\">\n\t\t\t\t\t<div class=\"elementor-column elementor-col-100 elementor-top-column elementor-element elementor-element-dd4cd0c\" data-id=\"dd4cd0c\" data-element_type=\"column\">\n\t\t\t<div class=\"elementor-widget-wrap elementor-element-populated\">\n\t\t\t\t\t\t<div class=\"elementor-element elementor-element-29c4c7f elementor-widget elementor-widget-text-editor\" data-id=\"29c4c7f\" data-element_type=\"widget\" data-widget_type=\"text-editor.default\">\n\t\t\t\t<div class=\"elementor-widget-container\">\n\t\t\t<style>\/*! elementor - v3.19.0 - 07-02-2024 *\/\n.elementor-widget-text-editor.elementor-drop-cap-view-stacked .elementor-drop-cap{background-color:#69727d;color:#fff}.elementor-widget-text-editor.elementor-drop-cap-view-framed .elementor-drop-cap{color:#69727d;border:3px solid;background-color:transparent}.elementor-widget-text-editor:not(.elementor-drop-cap-view-default) .elementor-drop-cap{margin-top:8px}.elementor-widget-text-editor:not(.elementor-drop-cap-view-default) .elementor-drop-cap-letter{width:1em;height:1em}.elementor-widget-text-editor .elementor-drop-cap{float:left;text-align:center;line-height:1;font-size:50px}.elementor-widget-text-editor .elementor-drop-cap-letter{display:inline-block}<\/style>\t\t\t\t<p>Der Wirtschaftsverband Weser hat das Ziel, die Weser als leistungsf\u00e4hige Wasserstra\u00dfe zu erhalten. Sie bildet die Grundlage f\u00fcr die Wettbewerbsf\u00e4higkeit der bremischen H\u00e4fen. Sie garantiert Wohlstand und Wirtschaftskraft der gesamten Region. Eine Anpassung der Fahrrinne unter Beachtung \u00f6kologischer Anforderungen ist enorm wichtig. Wenn wir das richtig machen, dann haben wir jetzt eine Chance, jahrzehntealte Probleme einer L\u00f6sung zuzuf\u00fchren.<\/p><p>Den Deutschen Schifffahrtstag 2022 unterst\u00fctzen wir als Schaufenster f\u00fcr die Leistungsf\u00e4higkeit und das Potential der maritimen Wirtschaft entlang der Weser.<\/p><p>Uwe Beckmeyer, Parlamentarischer Staatssekret\u00e4r a.D., Vorsitzender des Wirtschaftsverbandes Weser e.V.<\/p>\t\t\t\t\t\t<\/div>\n\t\t\t\t<\/div>\n\t\t\t\t\t<\/div>\n\t\t<\/div>\n\t\t\t\t\t<\/div>\n\t\t<\/section>\n\t\t\t\t<\/div>\n\t\t","protected":false},"excerpt":{"rendered":"<p>Den Deutschen Schifffahrtstag 2022 unterst\u00fctzen wir als Schaufenster f\u00fcr die Leistungsf\u00e4higkeit und das Potential der maritimen Wirtschaft entlang der Weser. <\/p>\n","protected":false},"author":2,"featured_media":2758,"comment_status":"open","ping_status":"open","sticky":false,"template":"","format":"standard","meta":{"footnotes":""},"categories":[16],"tags":[],"class_list":["post-2756","post","type-post","status-publish","format-standard","has-post-thumbnail","hentry","category-positionen"],"_links":{"self":[{"href":"https:\/\/bremen.deutscher-schifffahrtstag.de\/index.php\/wp-json\/wp\/v2\/posts\/2756","targetHints":{"allow":["GET"]}}],"collection":[{"href":"https:\/\/bremen.deutscher-schifffahrtstag.de\/index.php\/wp-json\/wp\/v2\/posts"}],"about":[{"href":"https:\/\/bremen.deutscher-schifffahrtstag.de\/index.php\/wp-json\/wp\/v2\/types\/post"}],"author":[{"embeddable":true,"href":"https:\/\/bremen.deutscher-schifffahrtstag.de\/index.php\/wp-json\/wp\/v2\/users\/2"}],"replies":[{"embeddable":true,"href":"https:\/\/bremen.deutscher-schifffahrtstag.de\/index.php\/wp-json\/wp\/v2\/comments?post=2756"}],"version-history":[{"count":7,"href":"https:\/\/bremen.deutscher-schifffahrtstag.de\/index.php\/wp-json\/wp\/v2\/posts\/2756\/revisions"}],"predecessor-version":[{"id":2770,"href":"https:\/\/bremen.deutscher-schifffahrtstag.de\/index.php\/wp-json\/wp\/v2\/posts\/2756\/revisions\/2770"}],"wp:featuredmedia":[{"embeddable":true,"href":"https:\/\/bremen.deutscher-schifffahrtstag.de\/index.php\/wp-json\/wp\/v2\/media\/2758"}],"wp:attachment":[{"href":"https:\/\/bremen.deutscher-schifffahrtstag.de\/index.php\/wp-json\/wp\/v2\/media?parent=2756"}],"wp:term":[{"taxonomy":"category","embeddable":true,"href":"https:\/\/bremen.deutscher-schifffahrtstag.de\/index.php\/wp-json\/wp\/v2\/categories?post=2756"},{"taxonomy":"post_tag","embeddable":true,"href":"https:\/\/bremen.deutscher-schifffahrtstag.de\/index.php\/wp-json\/wp\/v2\/tags?post=2756"}],"curies":[{"name":"wp","href":"https:\/\/api.w.org\/{rel}","templated":true}]}}