{"id":2734,"date":"2022-01-10T08:40:01","date_gmt":"2022-01-10T08:40:01","guid":{"rendered":"https:\/\/bremen.deutscher-schifffahrtstag.de\/?p=2734"},"modified":"2022-01-24T15:58:44","modified_gmt":"2022-01-24T15:58:44","slug":"prof-dr-thomas-pawlik-konrektor-fuer-studium-und-lehre-hs-bremen","status":"publish","type":"post","link":"https:\/\/bremen.deutscher-schifffahrtstag.de\/index.php\/2022\/01\/10\/prof-dr-thomas-pawlik-konrektor-fuer-studium-und-lehre-hs-bremen\/","title":{"rendered":"Prof. Dr. Thomas Pawlik \/ Konrektor f\u00fcr Studium und Lehre Hochschule Bremen"},"content":{"rendered":"\t\t<div data-elementor-type=\"wp-post\" data-elementor-id=\"2734\" class=\"elementor elementor-2734\" data-elementor-post-type=\"post\">\n\t\t\t\t\t\t<section class=\"elementor-section elementor-top-section elementor-element elementor-element-97b0611 elementor-section-boxed elementor-section-height-default elementor-section-height-default\" data-id=\"97b0611\" data-element_type=\"section\">\n\t\t\t\t\t\t<div class=\"elementor-container elementor-column-gap-default\">\n\t\t\t\t\t<div class=\"elementor-column elementor-col-100 elementor-top-column elementor-element elementor-element-4e0360a\" data-id=\"4e0360a\" data-element_type=\"column\">\n\t\t\t<div class=\"elementor-widget-wrap elementor-element-populated\">\n\t\t\t\t\t\t<div class=\"elementor-element elementor-element-1a0a798 elementor-widget elementor-widget-text-editor\" data-id=\"1a0a798\" data-element_type=\"widget\" data-widget_type=\"text-editor.default\">\n\t\t\t\t<div class=\"elementor-widget-container\">\n\t\t\t<style>\/*! elementor - v3.19.0 - 07-02-2024 *\/\n.elementor-widget-text-editor.elementor-drop-cap-view-stacked .elementor-drop-cap{background-color:#69727d;color:#fff}.elementor-widget-text-editor.elementor-drop-cap-view-framed .elementor-drop-cap{color:#69727d;border:3px solid;background-color:transparent}.elementor-widget-text-editor:not(.elementor-drop-cap-view-default) .elementor-drop-cap{margin-top:8px}.elementor-widget-text-editor:not(.elementor-drop-cap-view-default) .elementor-drop-cap-letter{width:1em;height:1em}.elementor-widget-text-editor .elementor-drop-cap{float:left;text-align:center;line-height:1;font-size:50px}.elementor-widget-text-editor .elementor-drop-cap-letter{display:inline-block}<\/style>\t\t\t\t<p>Die erste schriftliche Erw\u00e4hnung des Nachhaltigkeitsgedankens soll bereits 1713 durch den s\u00e4chsischen Oberberghauptmann Hans Carl von Carlowitz erfolgt sein. Im selben Jahrhundert wurde die erste Rechtsvorg\u00e4ngerin der Hochschule Bremen &#8211; die bremische Navigationsschule &#8211; gegr\u00fcndet. Es ist aber nicht davon auszugehen, dass&nbsp;das Thema Nachhaltigkeit im Jahr 1799 bereits Bestandteil des Lehrplans f\u00fcr die zuk\u00fcnftigen Kapit\u00e4ne war. Heute hingegen sind Aspekte der Nachhaltigkeit zu einem festen und wichtigen Bestandteil der Curricula unserer Studieng\u00e4nge geworden. (Nicht nur) f\u00fcr Studierende haben diese Fragestellungen mittlerweile einen hohen Stellenwert eingenommen.<\/p>\n<p>\u201eDie nachhaltige Nutzung der Meere unter anderem als Verkehrstr\u00e4ger und Ressource ist eine wichtige Herausforderung f\u00fcr Technik, Wirtschaft und Gesellschaft. Mit seinem Forschungs- und Lehrangebot leistet der Forschungscluster Blue Sciences der Hochschule Bremen einen Beitrag zur Weiterentwicklung von maritimer Wirtschaft und Technologie unter Ber\u00fccksichtigung der marinen Umwelt.\u201c<\/p>\n<p>So lautet die Mission des Lehr- und Forschungsclusters Blue Sciences der Hochschule Bremen und spiegelt damit passgenau das Motto des diesj\u00e4hrigen Deutschen Schifffahrtstages: \u201eNachhaltige Schifffahrt: Gemeinsam, klar, sauber!&#8220;i<\/p>\t\t\t\t\t\t<\/div>\n\t\t\t\t<\/div>\n\t\t\t\t\t<\/div>\n\t\t<\/div>\n\t\t\t\t\t<\/div>\n\t\t<\/section>\n\t\t\t\t<\/div>\n\t\t","protected":false},"excerpt":{"rendered":"<p>\u201eDie nachhaltige Nutzung der Meere unter anderem als Verkehrstr\u00e4ger und Ressource ist eine wichtige Herausforderung f\u00fcr Technik, Wirtschaft und Gesellschaft. Mit seinem Forschungs- und Lehrangebot leistet der Forschungscluster Blue Sciences der Hochschule Bremen einen Beitrag zur Weiterentwicklung von maritimer Wirtschaft und Technologie unter Ber\u00fccksichtigung der marinen Umwelt.\u201c<\/p>\n","protected":false},"author":2,"featured_media":2740,"comment_status":"open","ping_status":"open","sticky":false,"template":"","format":"standard","meta":{"footnotes":""},"categories":[16],"tags":[],"class_list":["post-2734","post","type-post","status-publish","format-standard","has-post-thumbnail","hentry","category-positionen"],"_links":{"self":[{"href":"https:\/\/bremen.deutscher-schifffahrtstag.de\/index.php\/wp-json\/wp\/v2\/posts\/2734","targetHints":{"allow":["GET"]}}],"collection":[{"href":"https:\/\/bremen.deutscher-schifffahrtstag.de\/index.php\/wp-json\/wp\/v2\/posts"}],"about":[{"href":"https:\/\/bremen.deutscher-schifffahrtstag.de\/index.php\/wp-json\/wp\/v2\/types\/post"}],"author":[{"embeddable":true,"href":"https:\/\/bremen.deutscher-schifffahrtstag.de\/index.php\/wp-json\/wp\/v2\/users\/2"}],"replies":[{"embeddable":true,"href":"https:\/\/bremen.deutscher-schifffahrtstag.de\/index.php\/wp-json\/wp\/v2\/comments?post=2734"}],"version-history":[{"count":10,"href":"https:\/\/bremen.deutscher-schifffahrtstag.de\/index.php\/wp-json\/wp\/v2\/posts\/2734\/revisions"}],"predecessor-version":[{"id":2876,"href":"https:\/\/bremen.deutscher-schifffahrtstag.de\/index.php\/wp-json\/wp\/v2\/posts\/2734\/revisions\/2876"}],"wp:featuredmedia":[{"embeddable":true,"href":"https:\/\/bremen.deutscher-schifffahrtstag.de\/index.php\/wp-json\/wp\/v2\/media\/2740"}],"wp:attachment":[{"href":"https:\/\/bremen.deutscher-schifffahrtstag.de\/index.php\/wp-json\/wp\/v2\/media?parent=2734"}],"wp:term":[{"taxonomy":"category","embeddable":true,"href":"https:\/\/bremen.deutscher-schifffahrtstag.de\/index.php\/wp-json\/wp\/v2\/categories?post=2734"},{"taxonomy":"post_tag","embeddable":true,"href":"https:\/\/bremen.deutscher-schifffahrtstag.de\/index.php\/wp-json\/wp\/v2\/tags?post=2734"}],"curies":[{"name":"wp","href":"https:\/\/api.w.org\/{rel}","templated":true}]}}