{"id":2484,"date":"2021-12-03T12:25:41","date_gmt":"2021-12-03T12:25:41","guid":{"rendered":"https:\/\/bremen.deutscher-schifffahrtstag.de\/?p=2484"},"modified":"2022-02-22T08:59:04","modified_gmt":"2022-02-22T08:59:04","slug":"susanne-victor-albuquerque","status":"publish","type":"post","link":"https:\/\/bremen.deutscher-schifffahrtstag.de\/index.php\/2021\/12\/03\/susanne-victor-albuquerque\/","title":{"rendered":"Victor &#038; Susanne Albuquerque \/ Landesverband Motorbootsport Bremen e.V."},"content":{"rendered":"\t\t<div data-elementor-type=\"wp-post\" data-elementor-id=\"2484\" class=\"elementor elementor-2484\" data-elementor-post-type=\"post\">\n\t\t\t\t\t\t<section class=\"elementor-section elementor-top-section elementor-element elementor-element-b3ad022 elementor-section-boxed elementor-section-height-default elementor-section-height-default\" data-id=\"b3ad022\" data-element_type=\"section\">\n\t\t\t\t\t\t<div class=\"elementor-container elementor-column-gap-default\">\n\t\t\t\t\t<div class=\"elementor-column elementor-col-100 elementor-top-column elementor-element elementor-element-929e769\" data-id=\"929e769\" data-element_type=\"column\">\n\t\t\t<div class=\"elementor-widget-wrap elementor-element-populated\">\n\t\t\t\t\t\t<div class=\"elementor-element elementor-element-3a8cea3 elementor-widget elementor-widget-text-editor\" data-id=\"3a8cea3\" data-element_type=\"widget\" data-widget_type=\"text-editor.default\">\n\t\t\t\t<div class=\"elementor-widget-container\">\n\t\t\t<style>\/*! elementor - v3.19.0 - 07-02-2024 *\/\n.elementor-widget-text-editor.elementor-drop-cap-view-stacked .elementor-drop-cap{background-color:#69727d;color:#fff}.elementor-widget-text-editor.elementor-drop-cap-view-framed .elementor-drop-cap{color:#69727d;border:3px solid;background-color:transparent}.elementor-widget-text-editor:not(.elementor-drop-cap-view-default) .elementor-drop-cap{margin-top:8px}.elementor-widget-text-editor:not(.elementor-drop-cap-view-default) .elementor-drop-cap-letter{width:1em;height:1em}.elementor-widget-text-editor .elementor-drop-cap{float:left;text-align:center;line-height:1;font-size:50px}.elementor-widget-text-editor .elementor-drop-cap-letter{display:inline-block}<\/style>\t\t\t\t<p>Auf der Weser zwischen Bremerhaven und Bremen findet t\u00e4glicher Schiffsverkehr statt. Da ist es eine passende W\u00fcrdigung, den Deutschen Schifffahrtstag 2022 im Verbund dieser beiden St\u00e4dte stattfinden zu lassen. Als Landesbeauftragter f\u00fcr Jugend und Sport im Landesverband Motorbootsport Bremen e. V. stehe ich an dieser Stelle f\u00fcr die \u201eandere\u201c Seite, das Bootfahren in der Freizeit und zur Erholung.<\/p><p>Neben den offiziellen Themen, wie der Diskussion um die zentralen Zukunftsfragen der Schifffahrt und dem Hervorstellen der Bedeutung der Schifffahrt f\u00fcr uns alle besteht der Wunsch, zum Deutschen Schifffahrtstag die gr\u00f6\u00dfte Schiffs- und Bootsparade 2022 zwischen Bremen und Bremerhaven auf die \u201eWellen\u201c zu stellen. Bereits jetzt hat sich eine bunte Mischung aus der Berufsschifffahrt zu dieser Parade angemeldet. Wir setzen uns daf\u00fcr ein, dass hier noch ganz viele Anmeldungen aus dem Sportbootbereich hinzukommen. Neben dem \u00dcbermitteln eines Fernweh-Gef\u00fchls an die breite \u00d6ffentlichkeit, stellt eine <br \/>solche Parade unz\u00e4hliger Schiffe und Boote immer ein ganz besonderes Erlebnis dar, welches sowohl f\u00fcr die Zuschauer als auch f\u00fcr die Mitwirkenden unvergesslich bleibt. Und in diesem speziellen Fall haben wir dazu noch eine Symbiose zwischen das Berufs- und Freizeit-Schifffahrt, die das Ereignis noch einzigartiger macht.<\/p><p>Anmeldungen zur Parade k\u00f6nnen ab sofort erfolgen an Victor Albuquerque \u00fcber: sport@l-m-b.de<\/p><p>Pers\u00f6nlich bin ich seit etwa 30 Jahren wassersportbegeistert. Zusammen mit meiner Frau, Schatzmeisterin im Landesverband Motorbootsport Bremen e. V., geh\u00f6rt mein Herz seit vielen Jahren der Erholung auf dem Wasser.<\/p>\t\t\t\t\t\t<\/div>\n\t\t\t\t<\/div>\n\t\t\t\t\t<\/div>\n\t\t<\/div>\n\t\t\t\t\t<\/div>\n\t\t<\/section>\n\t\t\t\t<\/div>\n\t\t","protected":false},"excerpt":{"rendered":"<p>Wir sind beim Deutschen Schifffahrtstag 2022 dabei, weil dies f\u00fcr uns ein unvergessliches Erlebnis darstellt!<\/p>\n","protected":false},"author":2,"featured_media":2574,"comment_status":"open","ping_status":"open","sticky":false,"template":"","format":"standard","meta":{"footnotes":""},"categories":[16],"tags":[],"class_list":["post-2484","post","type-post","status-publish","format-standard","has-post-thumbnail","hentry","category-positionen"],"_links":{"self":[{"href":"https:\/\/bremen.deutscher-schifffahrtstag.de\/index.php\/wp-json\/wp\/v2\/posts\/2484","targetHints":{"allow":["GET"]}}],"collection":[{"href":"https:\/\/bremen.deutscher-schifffahrtstag.de\/index.php\/wp-json\/wp\/v2\/posts"}],"about":[{"href":"https:\/\/bremen.deutscher-schifffahrtstag.de\/index.php\/wp-json\/wp\/v2\/types\/post"}],"author":[{"embeddable":true,"href":"https:\/\/bremen.deutscher-schifffahrtstag.de\/index.php\/wp-json\/wp\/v2\/users\/2"}],"replies":[{"embeddable":true,"href":"https:\/\/bremen.deutscher-schifffahrtstag.de\/index.php\/wp-json\/wp\/v2\/comments?post=2484"}],"version-history":[{"count":10,"href":"https:\/\/bremen.deutscher-schifffahrtstag.de\/index.php\/wp-json\/wp\/v2\/posts\/2484\/revisions"}],"predecessor-version":[{"id":2578,"href":"https:\/\/bremen.deutscher-schifffahrtstag.de\/index.php\/wp-json\/wp\/v2\/posts\/2484\/revisions\/2578"}],"wp:featuredmedia":[{"embeddable":true,"href":"https:\/\/bremen.deutscher-schifffahrtstag.de\/index.php\/wp-json\/wp\/v2\/media\/2574"}],"wp:attachment":[{"href":"https:\/\/bremen.deutscher-schifffahrtstag.de\/index.php\/wp-json\/wp\/v2\/media?parent=2484"}],"wp:term":[{"taxonomy":"category","embeddable":true,"href":"https:\/\/bremen.deutscher-schifffahrtstag.de\/index.php\/wp-json\/wp\/v2\/categories?post=2484"},{"taxonomy":"post_tag","embeddable":true,"href":"https:\/\/bremen.deutscher-schifffahrtstag.de\/index.php\/wp-json\/wp\/v2\/tags?post=2484"}],"curies":[{"name":"wp","href":"https:\/\/api.w.org\/{rel}","templated":true}]}}