{"id":2344,"date":"2021-10-01T08:24:42","date_gmt":"2021-10-01T08:24:42","guid":{"rendered":"https:\/\/bremen.deutscher-schifffahrtstag.de\/?p=2344"},"modified":"2021-12-21T08:26:20","modified_gmt":"2021-12-21T08:26:20","slug":"christian-suhr","status":"publish","type":"post","link":"https:\/\/bremen.deutscher-schifffahrtstag.de\/index.php\/2021\/10\/01\/christian-suhr\/","title":{"rendered":"Kapit\u00e4n Christian Suhr \/ Deutscher Nautischer Verein e.V."},"content":{"rendered":"\t\t<div data-elementor-type=\"wp-post\" data-elementor-id=\"2344\" class=\"elementor elementor-2344\" data-elementor-post-type=\"post\">\n\t\t\t\t\t\t<section class=\"elementor-section elementor-top-section elementor-element elementor-element-43c8394 elementor-section-boxed elementor-section-height-default elementor-section-height-default\" data-id=\"43c8394\" data-element_type=\"section\">\n\t\t\t\t\t\t<div class=\"elementor-container elementor-column-gap-default\">\n\t\t\t\t\t<div class=\"elementor-column elementor-col-100 elementor-top-column elementor-element elementor-element-0a59288\" data-id=\"0a59288\" data-element_type=\"column\">\n\t\t\t<div class=\"elementor-widget-wrap elementor-element-populated\">\n\t\t\t\t\t\t<div class=\"elementor-element elementor-element-992409a elementor-widget elementor-widget-text-editor\" data-id=\"992409a\" data-element_type=\"widget\" data-widget_type=\"text-editor.default\">\n\t\t\t\t<div class=\"elementor-widget-container\">\n\t\t\t<style>\/*! elementor - v3.19.0 - 07-02-2024 *\/\n.elementor-widget-text-editor.elementor-drop-cap-view-stacked .elementor-drop-cap{background-color:#69727d;color:#fff}.elementor-widget-text-editor.elementor-drop-cap-view-framed .elementor-drop-cap{color:#69727d;border:3px solid;background-color:transparent}.elementor-widget-text-editor:not(.elementor-drop-cap-view-default) .elementor-drop-cap{margin-top:8px}.elementor-widget-text-editor:not(.elementor-drop-cap-view-default) .elementor-drop-cap-letter{width:1em;height:1em}.elementor-widget-text-editor .elementor-drop-cap{float:left;text-align:center;line-height:1;font-size:50px}.elementor-widget-text-editor .elementor-drop-cap-letter{display:inline-block}<\/style>\t\t\t\t<p>\u201eDie Schifffahrt und die Seeleute in aller Welt verdienen viel mehr Aufmerksamkeit, denn ohne sie k\u00e4me unsere Welt zum Erliegen. Internationale Versorgungsketten w\u00fcrden unterbrochen, Einkaufsregale blieben leer und auch der online-Handel k\u00f6nnte keine Waren ausliefern.<br \/>Mit der Ausrichtung des 36. Deutschen Schifffahrtstages vom 29. September bis zum 3. Oktober 2022 werden wir unter dem Motto \u201e<i><b>Nachhaltige Schifffahrt: Gemeinsam, klar, sauber!<\/b><\/i>\u201c die Schifffahrt in ihrer Rolle und Bedeutung f\u00fcr unser aller Leben zeigen und zugleich deutlich machen, welchen Beitrag die Schifffahrt in zentralen Zukunftsfragen wie der Einsparung und Vermeidung von Emissionen leisten wird.<br \/>In einem breit angelegten Programm das mit Bremerhaven und Bremen erstmals zwei maritime Standorte miteinander verbindet, werden die zentralen Zukunftsfragen der Schifffahrt diskutiert und mit vielf\u00e4ltigen Veranstaltungen und Aktionen nicht nur f\u00fcr die Fachwelt, sondern auch f\u00fcr die breite \u00d6ffentlichkeit pr\u00e4sentiert. Seien Sie dabei, beim Deutschen Schifffahrtstag 2022.\u201c\u00a0<strong>Kapit\u00e4n Christian Suhr, Vorsitzender des Deutschen Nautischen Vereins von 1868 e.V.<\/strong><\/p>\t\t\t\t\t\t<\/div>\n\t\t\t\t<\/div>\n\t\t\t\t\t<\/div>\n\t\t<\/div>\n\t\t\t\t\t<\/div>\n\t\t<\/section>\n\t\t\t\t<\/div>\n\t\t","protected":false},"excerpt":{"rendered":"<p>\u201eDie Schifffahrt und die Seeleute in aller Welt verdienen viel mehr Aufmerksamkeit, denn ohne sie k\u00e4me unsere Welt zum Erliegen. Internationale Versorgungsketten w\u00fcrden unterbrochen, Einkaufsregale blieben leer und auch der online-Handel k\u00f6nnte keine Waren ausliefern.&#8220;<\/p>\n","protected":false},"author":2,"featured_media":2347,"comment_status":"open","ping_status":"open","sticky":false,"template":"","format":"standard","meta":{"footnotes":""},"categories":[16],"tags":[],"class_list":["post-2344","post","type-post","status-publish","format-standard","has-post-thumbnail","hentry","category-positionen"],"_links":{"self":[{"href":"https:\/\/bremen.deutscher-schifffahrtstag.de\/index.php\/wp-json\/wp\/v2\/posts\/2344","targetHints":{"allow":["GET"]}}],"collection":[{"href":"https:\/\/bremen.deutscher-schifffahrtstag.de\/index.php\/wp-json\/wp\/v2\/posts"}],"about":[{"href":"https:\/\/bremen.deutscher-schifffahrtstag.de\/index.php\/wp-json\/wp\/v2\/types\/post"}],"author":[{"embeddable":true,"href":"https:\/\/bremen.deutscher-schifffahrtstag.de\/index.php\/wp-json\/wp\/v2\/users\/2"}],"replies":[{"embeddable":true,"href":"https:\/\/bremen.deutscher-schifffahrtstag.de\/index.php\/wp-json\/wp\/v2\/comments?post=2344"}],"version-history":[{"count":10,"href":"https:\/\/bremen.deutscher-schifffahrtstag.de\/index.php\/wp-json\/wp\/v2\/posts\/2344\/revisions"}],"predecessor-version":[{"id":2587,"href":"https:\/\/bremen.deutscher-schifffahrtstag.de\/index.php\/wp-json\/wp\/v2\/posts\/2344\/revisions\/2587"}],"wp:featuredmedia":[{"embeddable":true,"href":"https:\/\/bremen.deutscher-schifffahrtstag.de\/index.php\/wp-json\/wp\/v2\/media\/2347"}],"wp:attachment":[{"href":"https:\/\/bremen.deutscher-schifffahrtstag.de\/index.php\/wp-json\/wp\/v2\/media?parent=2344"}],"wp:term":[{"taxonomy":"category","embeddable":true,"href":"https:\/\/bremen.deutscher-schifffahrtstag.de\/index.php\/wp-json\/wp\/v2\/categories?post=2344"},{"taxonomy":"post_tag","embeddable":true,"href":"https:\/\/bremen.deutscher-schifffahrtstag.de\/index.php\/wp-json\/wp\/v2\/tags?post=2344"}],"curies":[{"name":"wp","href":"https:\/\/api.w.org\/{rel}","templated":true}]}}