{"id":2030,"date":"2021-10-28T10:41:20","date_gmt":"2021-10-28T10:41:20","guid":{"rendered":"https:\/\/bremen.deutscher-schifffahrtstag.de\/?p=2030"},"modified":"2021-12-03T10:27:16","modified_gmt":"2021-12-03T10:27:16","slug":"staendiger-fachausschuss-des-dnv-beginnt-planungen-der-fachveranstaltungen","status":"publish","type":"post","link":"https:\/\/bremen.deutscher-schifffahrtstag.de\/index.php\/2021\/10\/28\/staendiger-fachausschuss-des-dnv-beginnt-planungen-der-fachveranstaltungen\/","title":{"rendered":"St\u00e4ndiger Fachausschuss des DNV beginnt Planungen der Fachveranstaltungen"},"content":{"rendered":"\t\t<div data-elementor-type=\"wp-post\" data-elementor-id=\"2030\" class=\"elementor elementor-2030\" data-elementor-post-type=\"post\">\n\t\t\t\t\t\t<section class=\"elementor-section elementor-top-section elementor-element elementor-element-f9da255 elementor-section-boxed elementor-section-height-default elementor-section-height-default\" data-id=\"f9da255\" data-element_type=\"section\">\n\t\t\t\t\t\t<div class=\"elementor-container elementor-column-gap-default\">\n\t\t\t\t\t<div class=\"elementor-column elementor-col-100 elementor-top-column elementor-element elementor-element-bbc981a\" data-id=\"bbc981a\" data-element_type=\"column\">\n\t\t\t<div class=\"elementor-widget-wrap elementor-element-populated\">\n\t\t\t\t\t\t<div class=\"elementor-element elementor-element-b6eaffe elementor-widget elementor-widget-text-editor\" data-id=\"b6eaffe\" data-element_type=\"widget\" data-widget_type=\"text-editor.default\">\n\t\t\t\t<div class=\"elementor-widget-container\">\n\t\t\t<style>\/*! elementor - v3.19.0 - 07-02-2024 *\/\n.elementor-widget-text-editor.elementor-drop-cap-view-stacked .elementor-drop-cap{background-color:#69727d;color:#fff}.elementor-widget-text-editor.elementor-drop-cap-view-framed .elementor-drop-cap{color:#69727d;border:3px solid;background-color:transparent}.elementor-widget-text-editor:not(.elementor-drop-cap-view-default) .elementor-drop-cap{margin-top:8px}.elementor-widget-text-editor:not(.elementor-drop-cap-view-default) .elementor-drop-cap-letter{width:1em;height:1em}.elementor-widget-text-editor .elementor-drop-cap{float:left;text-align:center;line-height:1;font-size:50px}.elementor-widget-text-editor .elementor-drop-cap-letter{display:inline-block}<\/style>\t\t\t\t<p>In seiner Sitzung am 27. Oktober 2021 hat der St\u00e4ndige Fachausschuss des Deutschen Nautischen Vereins (StFA) in Hamburg seine Beratungen zu den Themen des Maritimen Know-hows, zur K\u00fcstenwache sowie zur Havarie der \u201e<em>Ever Given<\/em>\u201c und den m\u00f6glichen Folgen f\u00fcr deutsche Reviere fortgesetzt. Zum letztgenannten Thema diskutierten im Rahmen einer Podiumsdiskussion Gerald Immens (Lotse und Consultant mit Impulsvortrag), Bastian Petschokat (Lotse zum Thema Pr\u00e4vention), Christian Naegeli (VDR zum Thema Herausforderungen der Schiffsf\u00fchrung) und Holger J\u00e4de (Havariekommando zum Thema Schadensbeseitigung\/Bergungskonzept). Zugleich wurden im Rahmen der Fachausschusssitzung erste \u00dcberlegungen zu den fachlichen Veranstaltungen anl\u00e4sslich des Deutschen Schifffahrtstages 2022 vorgenommen.<\/p>\t\t\t\t\t\t<\/div>\n\t\t\t\t<\/div>\n\t\t\t\t\t<\/div>\n\t\t<\/div>\n\t\t\t\t\t<\/div>\n\t\t<\/section>\n\t\t\t\t<\/div>\n\t\t","protected":false},"excerpt":{"rendered":"<p>In seiner Sitzung Ende Oktober hat der St\u00e4ndige Fachausschuss des Deutschen Nautischen Vereins (StFA) in Hamburg seine Beratungen zu verschiedenen maritimen Themen fortgesetzt. Zugleich wurden erste \u00dcberlegungen zu den fachlichen Veranstaltungen anl\u00e4sslich des Deutschen Schifffahrtstages 2022 vorgenommen.<\/p>\n","protected":false},"author":3,"featured_media":2032,"comment_status":"open","ping_status":"open","sticky":false,"template":"","format":"standard","meta":{"footnotes":""},"categories":[1],"tags":[],"class_list":["post-2030","post","type-post","status-publish","format-standard","has-post-thumbnail","hentry","category-uncategorized"],"_links":{"self":[{"href":"https:\/\/bremen.deutscher-schifffahrtstag.de\/index.php\/wp-json\/wp\/v2\/posts\/2030","targetHints":{"allow":["GET"]}}],"collection":[{"href":"https:\/\/bremen.deutscher-schifffahrtstag.de\/index.php\/wp-json\/wp\/v2\/posts"}],"about":[{"href":"https:\/\/bremen.deutscher-schifffahrtstag.de\/index.php\/wp-json\/wp\/v2\/types\/post"}],"author":[{"embeddable":true,"href":"https:\/\/bremen.deutscher-schifffahrtstag.de\/index.php\/wp-json\/wp\/v2\/users\/3"}],"replies":[{"embeddable":true,"href":"https:\/\/bremen.deutscher-schifffahrtstag.de\/index.php\/wp-json\/wp\/v2\/comments?post=2030"}],"version-history":[{"count":7,"href":"https:\/\/bremen.deutscher-schifffahrtstag.de\/index.php\/wp-json\/wp\/v2\/posts\/2030\/revisions"}],"predecessor-version":[{"id":2041,"href":"https:\/\/bremen.deutscher-schifffahrtstag.de\/index.php\/wp-json\/wp\/v2\/posts\/2030\/revisions\/2041"}],"wp:featuredmedia":[{"embeddable":true,"href":"https:\/\/bremen.deutscher-schifffahrtstag.de\/index.php\/wp-json\/wp\/v2\/media\/2032"}],"wp:attachment":[{"href":"https:\/\/bremen.deutscher-schifffahrtstag.de\/index.php\/wp-json\/wp\/v2\/media?parent=2030"}],"wp:term":[{"taxonomy":"category","embeddable":true,"href":"https:\/\/bremen.deutscher-schifffahrtstag.de\/index.php\/wp-json\/wp\/v2\/categories?post=2030"},{"taxonomy":"post_tag","embeddable":true,"href":"https:\/\/bremen.deutscher-schifffahrtstag.de\/index.php\/wp-json\/wp\/v2\/tags?post=2030"}],"curies":[{"name":"wp","href":"https:\/\/api.w.org\/{rel}","templated":true}]}}