{"id":1418,"date":"2021-10-05T16:49:10","date_gmt":"2021-10-05T16:49:10","guid":{"rendered":"https:\/\/bremen.deutscher-schifffahrtstag.de\/?p=1418"},"modified":"2021-12-03T10:30:00","modified_gmt":"2021-12-03T10:30:00","slug":"ausrichter","status":"publish","type":"post","link":"https:\/\/bremen.deutscher-schifffahrtstag.de\/index.php\/2021\/10\/05\/ausrichter\/","title":{"rendered":"Offizielle Ank\u00fcndigung des Deutschen Schifffahrtstages 2022"},"content":{"rendered":"\t\t<div data-elementor-type=\"wp-post\" data-elementor-id=\"1418\" class=\"elementor elementor-1418\" data-elementor-post-type=\"post\">\n\t\t\t\t\t\t<section class=\"elementor-section elementor-top-section elementor-element elementor-element-2747392 elementor-section-boxed elementor-section-height-default elementor-section-height-default\" data-id=\"2747392\" data-element_type=\"section\">\n\t\t\t\t\t\t<div class=\"elementor-container elementor-column-gap-default\">\n\t\t\t\t\t<div class=\"elementor-column elementor-col-100 elementor-top-column elementor-element elementor-element-50f8a2e2\" data-id=\"50f8a2e2\" data-element_type=\"column\">\n\t\t\t<div class=\"elementor-widget-wrap elementor-element-populated\">\n\t\t\t\t\t\t<div class=\"elementor-element elementor-element-2e13af74 elementor-widget elementor-widget-text-editor\" data-id=\"2e13af74\" data-element_type=\"widget\" data-widget_type=\"text-editor.default\">\n\t\t\t\t<div class=\"elementor-widget-container\">\n\t\t\t<style>\/*! elementor - v3.19.0 - 07-02-2024 *\/\n.elementor-widget-text-editor.elementor-drop-cap-view-stacked .elementor-drop-cap{background-color:#69727d;color:#fff}.elementor-widget-text-editor.elementor-drop-cap-view-framed .elementor-drop-cap{color:#69727d;border:3px solid;background-color:transparent}.elementor-widget-text-editor:not(.elementor-drop-cap-view-default) .elementor-drop-cap{margin-top:8px}.elementor-widget-text-editor:not(.elementor-drop-cap-view-default) .elementor-drop-cap-letter{width:1em;height:1em}.elementor-widget-text-editor .elementor-drop-cap{float:left;text-align:center;line-height:1;font-size:50px}.elementor-widget-text-editor .elementor-drop-cap-letter{display:inline-block}<\/style>\t\t\t\t<!-- wp:paragraph -->\n<h6>Personen von links nach rechts: Kapit\u00e4n Wilfried Meier-Hansen \u2013 Vorsitzender des Nautischen Vereins zu Bremen, Fregattenkapit\u00e4n Markus Fischer \u2013 Deutsche Marine, Kapit\u00e4n Hans-Hermann L\u00fcckert \u2013 stv. Vorsitzender des Deutschen Nautischen Vereins, Staatssekret\u00e4r a.D. Heinz Maurus \u2013 Pr\u00e4sident des Deutschen Marinebundes, Ingo Berger \u2013 St\u00e4ndiger Fachausschuss des Deutschen Nautischen Vereins, Janina Maharens-Hashagen \u2013 Pr\u00e4ses der der Handelskammer Bremen, IHK f\u00fcr Bremen und Bremerhaven, Bernhard Loerts \u2013 stv. Vorsitzender des Nautischen Vereins zu Bremerhaven, Kapit\u00e4n Christian Suhr \u2013 Vorsitzender des Deutschen Nautischen Vereins, Dr. Iven Kr\u00e4mer \u2013 stv. <em>Vorsitzender des Deutschen Nautischen Vereins, Alexandra Pohl-Hempel &#8211;<\/em> St\u00e4ndiger Fachausschuss des Deutschen Nautischen Vereins, Sebastiaan van Vliet \u2013 Bundesverband der deutschen Binnenschifffahrt (BDB), Frank Leonhardt \u2013 Beiratsvorsitzender des Deutschen Nautischen<em><em> Vereins<\/em>\u201c<\/em><\/h6>\n<!-- \/wp:paragraph -->\t\t\t\t\t\t<\/div>\n\t\t\t\t<\/div>\n\t\t\t\t\t<\/div>\n\t\t<\/div>\n\t\t\t\t\t<\/div>\n\t\t<\/section>\n\t\t\t\t<\/div>\n\t\t","protected":false},"excerpt":{"rendered":"<p>Im Rahmen eines Festaktes am Weltschifffahrtstag 2021 erfolgte im Haus Sch\u00fctting am Markt zu Bremen die offizielle Ank\u00fcndigung zur Ausrichtung des Deutschen Schifffahrtstages 2022 in Bremen und Bremerhaven. In Anwesenheit der Bremer Senatorin f\u00fcr Wissenschaft und H\u00e4fen, Frau Dr. Claudia Schilling, der Pr\u00e4ses der Handelskammer Bremen \u2013 IHK f\u00fcr Bremen und Bremerhaven, Frau Janina Maharens- Hashagen, des Vorsitzers des Bremer Rhedervereins, Herrn Michael Vinnen und einer Reihe geladener G\u00e4ste wurden die Planungen f\u00fcr das kommende Jahr erstmals \u00f6ffentlich vorgestellt.\u201c<\/p>\n","protected":false},"author":3,"featured_media":1413,"comment_status":"open","ping_status":"open","sticky":false,"template":"","format":"standard","meta":{"footnotes":""},"categories":[1],"tags":[],"class_list":["post-1418","post","type-post","status-publish","format-standard","has-post-thumbnail","hentry","category-uncategorized"],"_links":{"self":[{"href":"https:\/\/bremen.deutscher-schifffahrtstag.de\/index.php\/wp-json\/wp\/v2\/posts\/1418","targetHints":{"allow":["GET"]}}],"collection":[{"href":"https:\/\/bremen.deutscher-schifffahrtstag.de\/index.php\/wp-json\/wp\/v2\/posts"}],"about":[{"href":"https:\/\/bremen.deutscher-schifffahrtstag.de\/index.php\/wp-json\/wp\/v2\/types\/post"}],"author":[{"embeddable":true,"href":"https:\/\/bremen.deutscher-schifffahrtstag.de\/index.php\/wp-json\/wp\/v2\/users\/3"}],"replies":[{"embeddable":true,"href":"https:\/\/bremen.deutscher-schifffahrtstag.de\/index.php\/wp-json\/wp\/v2\/comments?post=1418"}],"version-history":[{"count":5,"href":"https:\/\/bremen.deutscher-schifffahrtstag.de\/index.php\/wp-json\/wp\/v2\/posts\/1418\/revisions"}],"predecessor-version":[{"id":1601,"href":"https:\/\/bremen.deutscher-schifffahrtstag.de\/index.php\/wp-json\/wp\/v2\/posts\/1418\/revisions\/1601"}],"wp:featuredmedia":[{"embeddable":true,"href":"https:\/\/bremen.deutscher-schifffahrtstag.de\/index.php\/wp-json\/wp\/v2\/media\/1413"}],"wp:attachment":[{"href":"https:\/\/bremen.deutscher-schifffahrtstag.de\/index.php\/wp-json\/wp\/v2\/media?parent=1418"}],"wp:term":[{"taxonomy":"category","embeddable":true,"href":"https:\/\/bremen.deutscher-schifffahrtstag.de\/index.php\/wp-json\/wp\/v2\/categories?post=1418"},{"taxonomy":"post_tag","embeddable":true,"href":"https:\/\/bremen.deutscher-schifffahrtstag.de\/index.php\/wp-json\/wp\/v2\/tags?post=1418"}],"curies":[{"name":"wp","href":"https:\/\/api.w.org\/{rel}","templated":true}]}}